{"id":9801,"date":"2023-11-23T15:56:48","date_gmt":"2023-11-23T14:56:48","guid":{"rendered":"https:\/\/www.imf.asso.fr\/pages\/?p=9801"},"modified":"2023-11-23T16:49:23","modified_gmt":"2023-11-23T15:49:23","slug":"9801","status":"publish","type":"post","link":"https:\/\/www.imf.asso.fr\/pages\/?p=9801","title":{"rendered":"27\/11\/23 | IMF RIS Arles | Caf\u00e9 des Aidants"},"content":{"rendered":"<p><a href=\"https:\/\/www.moisdelasilvereco-regionsud.fr\/Cafe-des-aidants-preparation-de-la-formation-AES\"><img decoding=\"async\" loading=\"lazy\" class=\"alignnone wp-image-9802 size-large\" src=\"https:\/\/www.imf.asso.fr\/pages\/wp-content\/uploads\/cafedesaidants-1024x159.png\" alt=\"\" width=\"945\" height=\"147\" srcset=\"https:\/\/www.imf.asso.fr\/pages\/wp-content\/uploads\/cafedesaidants-1024x159.png 1024w, https:\/\/www.imf.asso.fr\/pages\/wp-content\/uploads\/cafedesaidants-300x47.png 300w, https:\/\/www.imf.asso.fr\/pages\/wp-content\/uploads\/cafedesaidants-768x119.png 768w, https:\/\/www.imf.asso.fr\/pages\/wp-content\/uploads\/cafedesaidants-1536x238.png 1536w, https:\/\/www.imf.asso.fr\/pages\/wp-content\/uploads\/cafedesaidants-945x147.png 945w, https:\/\/www.imf.asso.fr\/pages\/wp-content\/uploads\/cafedesaidants.png 1747w\" sizes=\"(max-width: 945px) 100vw, 945px\" \/><\/a><\/p>\n<p>En partenariat avec <span style=\"color: #1d60ab;\"><strong>Les Papillons de Marcelle<\/strong><\/span>, l&rsquo;<span style=\"color: #1d60ab;\"><strong>IMF RIS Arles<\/strong><\/span> organise un<span style=\"color: #1d60ab;\"><strong> caf\u00e9 des aidants<\/strong><\/span> dans le cadre de la pr\u00e9paration de la formation aux m\u00e9tiers d\u2019<strong><span style=\"color: #1d60ab;\">Accompagnants \u00c9ducatif et Social<\/span><\/strong>.<\/p>\n<p><span style=\"color: #1d60ab;\"><strong>NOS OBJECTIFS ?<\/strong><\/span><\/p>\n<ul>\n<li>Impulser des \u00e9changes entre les diff\u00e9rents acteurs de la silver \u00e9conomie<\/li>\n<li>Impulser une dynamique locale autour de la Silver \u00e9conomie<\/li>\n<li>Sensibiliser les futurs professionnels AES \u00e0 la dimension de r\u00e9seau et de partenariat autour de la silver \u00e9conomie<\/li>\n<li>Aider \u00e0 cr\u00e9er un r\u00e9seau d\u2019\u00e9changes entre aidants, \u00e9tudiants, professionnels et seniors<\/li>\n<li>P\u00e9renniser cette action d\u2019\u00e9changes au sein des formations pour les AES<\/li>\n<\/ul>\n<p>&nbsp;<\/p>\n<p>Date : <strong><span style=\"color: #1d60ab;\">27\/11\/2023<\/span><\/strong><br \/>\nHoraires : <strong><span style=\"color: #1d60ab;\">14h &#8211; 17h<\/span><\/strong><br \/>\nLieu : <strong><span style=\"color: #1d60ab;\">IMF RIS Arles &#8211; 12 Chemin du Temple &#8211; 13200 Arles<\/span><\/strong><\/p>\n<p>&nbsp;<\/p>\n","protected":false},"excerpt":{"rendered":"<p><a href=\"https:\/\/www.moisdelasilvereco-regionsud.fr\/Cafe-des-aidants-preparation-de-la-formation-AES\"><img decoding=\"async\" loading=\"lazy\" class=\"alignnone wp-image-9802 size-large\" src=\"https:\/\/www.imf.asso.fr\/pages\/wp-content\/uploads\/cafedesaidants-1024x159.png\" alt=\"\" width=\"945\" height=\"147\" srcset=\"https:\/\/www.imf.asso.fr\/pages\/wp-content\/uploads\/cafedesaidants-1024x159.png 1024w, https:\/\/www.imf.asso.fr\/pages\/wp-content\/uploads\/cafedesaidants-300x47.png 300w, https:\/\/www.imf.asso.fr\/pages\/wp-content\/uploads\/cafedesaidants-768x119.png 768w, https:\/\/www.imf.asso.fr\/pages\/wp-content\/uploads\/cafedesaidants-1536x238.png 1536w, https:\/\/www.imf.asso.fr\/pages\/wp-content\/uploads\/cafedesaidants-945x147.png 945w, https:\/\/www.imf.asso.fr\/pages\/wp-content\/uploads\/cafedesaidants.png 1747w\" sizes=\"(max-width: 945px) 100vw, 945px\" \/><\/a><\/p>\n<p>En partenariat avec <span style=\"color: #1d60ab;\"><strong>Les Papillons de Marcelle<\/strong><\/span>, l&rsquo;<span style=\"color: #1d60ab;\"><strong>IMF RIS Arles<\/strong><\/span> organise un<span style=\"color: #1d60ab;\"><strong> caf\u00e9 des aidants<\/strong><\/span> dans le cadre de la pr\u00e9paration &hellip; <\/p>\n<p><a class=\"more-link btn\" href=\"https:\/\/www.imf.asso.fr\/pages\/?p=9801\">Lire la suite<\/a><\/p>\n","protected":false},"author":4,"featured_media":0,"comment_status":"open","ping_status":"open","sticky":false,"template":"","format":"standard","meta":{"footnotes":""},"categories":[23,1],"tags":[],"_links":{"self":[{"href":"https:\/\/www.imf.asso.fr\/pages\/index.php?rest_route=\/wp\/v2\/posts\/9801"}],"collection":[{"href":"https:\/\/www.imf.asso.fr\/pages\/index.php?rest_route=\/wp\/v2\/posts"}],"about":[{"href":"https:\/\/www.imf.asso.fr\/pages\/index.php?rest_route=\/wp\/v2\/types\/post"}],"author":[{"embeddable":true,"href":"https:\/\/www.imf.asso.fr\/pages\/index.php?rest_route=\/wp\/v2\/users\/4"}],"replies":[{"embeddable":true,"href":"https:\/\/www.imf.asso.fr\/pages\/index.php?rest_route=%2Fwp%2Fv2%2Fcomments&post=9801"}],"version-history":[{"count":2,"href":"https:\/\/www.imf.asso.fr\/pages\/index.php?rest_route=\/wp\/v2\/posts\/9801\/revisions"}],"predecessor-version":[{"id":9805,"href":"https:\/\/www.imf.asso.fr\/pages\/index.php?rest_route=\/wp\/v2\/posts\/9801\/revisions\/9805"}],"wp:attachment":[{"href":"https:\/\/www.imf.asso.fr\/pages\/index.php?rest_route=%2Fwp%2Fv2%2Fmedia&parent=9801"}],"wp:term":[{"taxonomy":"category","embeddable":true,"href":"https:\/\/www.imf.asso.fr\/pages\/index.php?rest_route=%2Fwp%2Fv2%2Fcategories&post=9801"},{"taxonomy":"post_tag","embeddable":true,"href":"https:\/\/www.imf.asso.fr\/pages\/index.php?rest_route=%2Fwp%2Fv2%2Ftags&post=9801"}],"curies":[{"name":"wp","href":"https:\/\/api.w.org\/{rel}","templated":true}]}}