{"id":8259,"date":"2022-04-08T12:29:04","date_gmt":"2022-04-08T10:29:04","guid":{"rendered":"https:\/\/www.imf.asso.fr\/pages\/?p=8259"},"modified":"2022-04-08T12:29:04","modified_gmt":"2022-04-08T10:29:04","slug":"abondement-du-cpf","status":"publish","type":"post","link":"https:\/\/www.imf.asso.fr\/pages\/?p=8259","title":{"rendered":"Abondement du CPF"},"content":{"rendered":"<p><em>jusqu&rsquo;\u00e0 4 000\u20ac : tous nos dipl\u00f4mes sont concern\u00e9s&#8230;<\/em><!--more--><\/p>\n<p><strong>Formation : la branche sanitaire, sociale et m\u00e9dico-sociale propose un abondement du CPF<\/strong><\/p>\n<p><strong>Un dispositif d&rsquo;abondement du compte personnel de formation (CPF), pouvant aller jusqu&rsquo;\u00e0 4 000 euros, est mis en place au profit des salari\u00e9s de la branche associative sanitaire, sociale et m\u00e9dico-sociale (Bass).<\/p>\n<p><\/strong>L&rsquo;objectif de cette mesure ? Encourager les salari\u00e9s \u00e0 utiliser leur CPF comme un \u00ab levier \u00e0 la qualification \u00bb et \u00ab faciliter la mobilisation de parcours certifiants \u00bb. Un dispositif qui pourrait \u00e9galement permettre de faire face aux difficult\u00e9s de recrutement et d&rsquo;attractivit\u00e9 du secteur.<\/p>\n<ul>\n<li><strong>\u00a0<\/strong><strong>Renforcer le financement des formations<br \/>\n<\/strong>Concr\u00e8tement, les salari\u00e9s dont le cr\u00e9dit disponible sur leur CPF est insuffisant pour couvrir le co\u00fbt de leur formation pourront b\u00e9n\u00e9ficier d&rsquo;un abondement finan\u00e7ant le reste \u00e0 charge.<br \/>\nL&rsquo;abondement s&rsquo;effectue dans la limite de l&rsquo;enveloppe globale annuelle attribu\u00e9e \u00e0 la Caisse des d\u00e9p\u00f4ts par l&rsquo;Opco, conform\u00e9ment aux d\u00e9cisions de branche.<\/li>\n<\/ul>\n<ul>\n<li><strong>\u00a0<\/strong><strong>Conditions tenant au salari\u00e9<br \/>\n<\/strong>Peuvent b\u00e9n\u00e9ficier de l&rsquo;abondement les salari\u00e9s des \u00e9tablissements du secteur sanitaire, social et m\u00e9dico-social priv\u00e9 \u00e0 but non lucratif adh\u00e9rents \u00e0 l\u2019Opco Sant\u00e9, sous r\u00e9serve qu&rsquo;ils poss\u00e8dent au moins 500 \u20ac sur leur CPF \u00e0 la date de la demande et qu&rsquo;ils mobilisent l&rsquo;int\u00e9gralit\u00e9 de leurs droits disponibles pour le projet de formation. En outre, celle-ci doit faire partie de la liste \u00e9tablie par la commission paritaire nationale de l\u2019emploi et de la formation professionnelle (CPNE-FP) de la branche.<\/li>\n<\/ul>\n<ul>\n<li><strong>\u00a0<\/strong><strong>Montant de l&rsquo;abondement<br \/>\n<\/strong>Le montant de l&rsquo;abondement varie en fonction du niveau du salari\u00e9 lors du d\u00e9p\u00f4t de la demande.<br \/>\nIl est plafonn\u00e9 \u00e0 4 000 \u20ac pour les salari\u00e9s d&rsquo;un niveau inf\u00e9rieur au bac, \u00e0 3 000 \u20ac pour ceux disposant d&rsquo;un niveau bac et \u00e0 2 000 \u20ac pour les autres.<\/li>\n<\/ul>\n<ul>\n<li><strong>Quelles d\u00e9marches ?<br \/>\n<\/strong>L&rsquo;ensemble des d\u00e9marches s&rsquo;effectue sur le site <a href=\"https:\/\/www.moncompteformation.gouv.fr\/espace-prive\/html\/#\/\" target=\"_blank\" rel=\"noopener\">moncompteformation.gouv.fr<\/a><\/li>\n<\/ul>\n","protected":false},"excerpt":{"rendered":"<p><em>jusqu&rsquo;\u00e0 4 000\u20ac : tous nos dipl\u00f4mes sont concern\u00e9s&#8230;<\/em><\/p><p><a class=\"more-link btn\" href=\"https:\/\/www.imf.asso.fr\/pages\/?p=8259\">Lire la suite<\/a><\/p>\n","protected":false},"author":1,"featured_media":0,"comment_status":"open","ping_status":"open","sticky":false,"template":"","format":"standard","meta":{"footnotes":""},"categories":[29,46,23,14],"tags":[],"_links":{"self":[{"href":"https:\/\/www.imf.asso.fr\/pages\/index.php?rest_route=\/wp\/v2\/posts\/8259"}],"collection":[{"href":"https:\/\/www.imf.asso.fr\/pages\/index.php?rest_route=\/wp\/v2\/posts"}],"about":[{"href":"https:\/\/www.imf.asso.fr\/pages\/index.php?rest_route=\/wp\/v2\/types\/post"}],"author":[{"embeddable":true,"href":"https:\/\/www.imf.asso.fr\/pages\/index.php?rest_route=\/wp\/v2\/users\/1"}],"replies":[{"embeddable":true,"href":"https:\/\/www.imf.asso.fr\/pages\/index.php?rest_route=%2Fwp%2Fv2%2Fcomments&post=8259"}],"version-history":[{"count":1,"href":"https:\/\/www.imf.asso.fr\/pages\/index.php?rest_route=\/wp\/v2\/posts\/8259\/revisions"}],"predecessor-version":[{"id":8260,"href":"https:\/\/www.imf.asso.fr\/pages\/index.php?rest_route=\/wp\/v2\/posts\/8259\/revisions\/8260"}],"wp:attachment":[{"href":"https:\/\/www.imf.asso.fr\/pages\/index.php?rest_route=%2Fwp%2Fv2%2Fmedia&parent=8259"}],"wp:term":[{"taxonomy":"category","embeddable":true,"href":"https:\/\/www.imf.asso.fr\/pages\/index.php?rest_route=%2Fwp%2Fv2%2Fcategories&post=8259"},{"taxonomy":"post_tag","embeddable":true,"href":"https:\/\/www.imf.asso.fr\/pages\/index.php?rest_route=%2Fwp%2Fv2%2Ftags&post=8259"}],"curies":[{"name":"wp","href":"https:\/\/api.w.org\/{rel}","templated":true}]}}