{"id":8163,"date":"2022-03-04T09:54:57","date_gmt":"2022-03-04T08:54:57","guid":{"rendered":"https:\/\/www.imf.asso.fr\/pages\/?p=8163"},"modified":"2022-04-15T10:13:31","modified_gmt":"2022-04-15T08:13:31","slug":"journee-mondiale-du-travail-social","status":"publish","type":"post","link":"https:\/\/www.imf.asso.fr\/pages\/?p=8163","title":{"rendered":"Journ\u00e9e mondiale du travail social"},"content":{"rendered":"<p><span class=\"ILfuVd\"><span class=\"hgKElc\">le <strong>mardi 15 mars 2022<\/strong><\/span><\/span><\/p>\n<p><!--more--><\/p>\n<div id=\"ecart_after_22427790\" class=\"ecart_col100\"><span class=\"ILfuVd\"><span class=\"hgKElc\">Th\u00e8me : \u00ab\u00a0<strong>Co-construire un nouveau monde \u00e9co-social : ne laisser personne de c\u00f4t\u00e9<\/strong>\u00a0\u00bb <\/span><\/span><\/div>\n<div>\u00a0<\/div>\n<p><a href=\"https:\/\/www.anas.fr\/Journee-mondiale-du-travail-social_a1835.html\" target=\"_blank\" rel=\"noopener\"><img decoding=\"async\" loading=\"lazy\" class=\"alignnone \" src=\"https:\/\/www.imf.asso.fr\/pages\/manifestations\/jmts_0322_anas.jpg\" width=\"369\" height=\"262\" \/><\/a><\/p>\n<p><a href=\"https:\/\/www.anas.fr\/\" target=\"_blank\" rel=\"noopener\">ANAS<\/a>\u00a0 (<em>Association Nationale des Assistants de Service Social)<\/em><\/p>\n<hr \/>\n<p>Message de <strong>Annamaria Campanini <\/strong><em>(Prof.)<br \/>\n<\/em><strong>Pr\u00e9sidente de l&rsquo;Association internationale des \u00e9coles de service social<\/strong> <em>(<strong>IASSW<\/strong>)<br \/>\n<\/em>concernant cette journ\u00e9e mondiale du travail social&#8230;<\/p>\n<p><img decoding=\"async\" loading=\"lazy\" class=\"\" src=\"\/pages\/liriss\/images\/video.jpg\" width=\"29\" height=\"18\" \/> voir la <a href=\"https:\/\/www.youtube.com\/watch?v=ff3_6q82_LE&amp;list=PL_njXF0sMFh3c28x-NqJWNwgkPCQYmr8O\" target=\"_blank\" rel=\"noopener\">vid\u00e9o en fran\u00e7ais<\/a><\/p>\n<hr \/>\n<p>\u00ab\u00a0Dans le cadre de la Journ\u00e9e Internationale du Travail Social, les \u00e9tudiants ASS2 Avignon ont r\u00e9alis\u00e9s une exposition photo sur les diff\u00e9rentes pratiques sur le travail social dans le Monde. <br \/>\nBravo \u00e0 ces \u00e9tudiants!\u00a0\u00bb<br \/>\n<strong>Michel Guglielmi<\/strong> (<em><strong>Responsable Centre d&rsquo;Activit\u00e9s &#8211; IMF<\/strong><\/em>)<\/p>\n<p>voir la\u00a0vid\u00e9o&#8230;<\/p>\n<table style=\"border-collapse: collapse; width: 100%;\">\n<tbody>\n<tr>\n<td style=\"width: 50%;\" rowspan=\"3\"><video src=\"\/ressources\/cms\/jits\/IMG_2335-37.mov\" controls=\"controls\" width=\"450\" height=\"300\"><span style=\"display: inline-block; width: 0px; overflow: hidden; line-height: 0;\" data-mce-type=\"bookmark\" class=\"mce_SELRES_start\">\ufeff<\/span><span style=\"display: inline-block; width: 0px; overflow: hidden; line-height: 0;\" data-mce-type=\"bookmark\" class=\"mce_SELRES_start\">\ufeff<\/span>Votre navigateur n&rsquo;est pas compatible avec le HTML 5, d\u00e9sol\u00e9. <\/video><\/td>\n<td style=\"width: 16.6667%;\"><a href=\"\/ressources\/cms\/jits\/IMG_2326.jpg\" target=\"_blank\" rel=\"noopener\"><img decoding=\"async\" loading=\"lazy\" class=\"aligncenter\" src=\"\/ressources\/cms\/jits\/IMG_2326a.jpg\" alt=\"\" width=\"120\" height=\"90\" \/><\/a><\/td>\n<td style=\"width: 16.6667%;\"><a href=\"\/ressources\/cms\/jits\/IMG_2327.jpg\" target=\"_blank\" rel=\"noopener\"><img decoding=\"async\" loading=\"lazy\" class=\"aligncenter\" src=\"\/ressources\/cms\/jits\/IMG_2327a.jpg\" alt=\"\" width=\"120\" height=\"90\" \/><\/a><\/td>\n<td style=\"width: 16.6667%;\"><a href=\"\/ressources\/cms\/jits\/IMG_2328.jpg\" target=\"_blank\" rel=\"noopener\"><img decoding=\"async\" loading=\"lazy\" class=\"aligncenter\" src=\"\/ressources\/cms\/jits\/IMG_2328a.jpg\" alt=\"\" width=\"120\" height=\"90\" \/><\/a><\/td>\n<\/tr>\n<tr>\n<td style=\"width: 16.6667%;\"><a href=\"\/ressources\/cms\/jits\/IMG_2329.jpg\" target=\"_blank\" rel=\"noopener\"><img decoding=\"async\" loading=\"lazy\" class=\"aligncenter\" src=\"\/ressources\/cms\/jits\/IMG_2329a.jpg\" alt=\"\" width=\"120\" height=\"90\" \/><\/a><\/td>\n<td style=\"width: 16.6667%;\"><a href=\"\/ressources\/cms\/jits\/IMG_2330.jpg\" target=\"_blank\" rel=\"noopener\"><img decoding=\"async\" loading=\"lazy\" class=\"aligncenter\" src=\"\/ressources\/cms\/jits\/IMG_2330a.jpg\" alt=\"\" width=\"120\" height=\"90\" \/><\/a><\/td>\n<td style=\"width: 16.6667%;\"><a href=\"\/ressources\/cms\/jits\/IMG_2331.jpg\" target=\"_blank\" rel=\"noopener\"><img decoding=\"async\" loading=\"lazy\" class=\"aligncenter\" src=\"\/ressources\/cms\/jits\/IMG_2331a.jpg\" alt=\"\" width=\"120\" height=\"90\" \/><\/a><\/td>\n<\/tr>\n<tr>\n<td style=\"width: 16.6667%;\"><a href=\"\/ressources\/cms\/jits\/IMG_2332.jpg\" target=\"_blank\" rel=\"noopener\"><img decoding=\"async\" loading=\"lazy\" class=\"aligncenter\" src=\"\/ressources\/cms\/jits\/IMG_2332a.jpg\" alt=\"\" width=\"120\" height=\"90\" \/><\/a><\/td>\n<td style=\"width: 16.6667%;\"><a href=\"\/ressources\/cms\/jits\/IMG_2333.jpg\" target=\"_blank\" rel=\"noopener\"><img decoding=\"async\" loading=\"lazy\" class=\"aligncenter\" src=\"\/ressources\/cms\/jits\/IMG_2333a.jpg\" alt=\"\" width=\"120\" height=\"90\" \/><\/a><\/td>\n<td style=\"width: 16.6667%;\"><a href=\"\/ressources\/cms\/jits\/IMG_2334.jpg\" target=\"_blank\" rel=\"noopener\"><img decoding=\"async\" loading=\"lazy\" class=\"aligncenter\" src=\"\/ressources\/cms\/jits\/IMG_2334a.jpg\" alt=\"\" width=\"120\" height=\"90\" \/><\/a><\/td>\n<\/tr>\n<\/tbody>\n<\/table>\n","protected":false},"excerpt":{"rendered":"<p><span class=\"ILfuVd\"><span class=\"hgKElc\">le <strong>mardi 15 mars 2022<\/strong><\/span><\/span><\/p><p><a class=\"more-link btn\" href=\"https:\/\/www.imf.asso.fr\/pages\/?p=8163\">Lire la suite<\/a><\/p>\n","protected":false},"author":1,"featured_media":0,"comment_status":"open","ping_status":"open","sticky":false,"template":"","format":"standard","meta":{"footnotes":""},"categories":[32,33,34,24,44],"tags":[],"_links":{"self":[{"href":"https:\/\/www.imf.asso.fr\/pages\/index.php?rest_route=\/wp\/v2\/posts\/8163"}],"collection":[{"href":"https:\/\/www.imf.asso.fr\/pages\/index.php?rest_route=\/wp\/v2\/posts"}],"about":[{"href":"https:\/\/www.imf.asso.fr\/pages\/index.php?rest_route=\/wp\/v2\/types\/post"}],"author":[{"embeddable":true,"href":"https:\/\/www.imf.asso.fr\/pages\/index.php?rest_route=\/wp\/v2\/users\/1"}],"replies":[{"embeddable":true,"href":"https:\/\/www.imf.asso.fr\/pages\/index.php?rest_route=%2Fwp%2Fv2%2Fcomments&post=8163"}],"version-history":[{"count":3,"href":"https:\/\/www.imf.asso.fr\/pages\/index.php?rest_route=\/wp\/v2\/posts\/8163\/revisions"}],"predecessor-version":[{"id":8170,"href":"https:\/\/www.imf.asso.fr\/pages\/index.php?rest_route=\/wp\/v2\/posts\/8163\/revisions\/8170"}],"wp:attachment":[{"href":"https:\/\/www.imf.asso.fr\/pages\/index.php?rest_route=%2Fwp%2Fv2%2Fmedia&parent=8163"}],"wp:term":[{"taxonomy":"category","embeddable":true,"href":"https:\/\/www.imf.asso.fr\/pages\/index.php?rest_route=%2Fwp%2Fv2%2Fcategories&post=8163"},{"taxonomy":"post_tag","embeddable":true,"href":"https:\/\/www.imf.asso.fr\/pages\/index.php?rest_route=%2Fwp%2Fv2%2Ftags&post=8163"}],"curies":[{"name":"wp","href":"https:\/\/api.w.org\/{rel}","templated":true}]}}