{"id":4035,"date":"2019-10-08T11:04:38","date_gmt":"2019-10-08T09:04:38","guid":{"rendered":"http:\/\/www.imf.asso.fr\/pages\/?p=4035"},"modified":"2020-05-01T00:14:25","modified_gmt":"2020-04-30T22:14:25","slug":"validation-des-acquis-professionnels-personnels","status":"publish","type":"post","link":"https:\/\/www.imf.asso.fr\/pages\/?p=4035","title":{"rendered":"Validation des Acquis Professionnels \/ Personnels"},"content":{"rendered":"<table class=\"cell_align_content\">\n<tbody>\n<tr>\n<td>Vous souhaitez vous pr\u00e9senter aux s\u00e9lections pour l&rsquo;entr\u00e9e en formation ASS, EJE, ES (dipl\u00f4mes de niveau II grad\u00e9s Licence) mais vous n&rsquo;avez pas les dipl\u00f4mes requis (dipl\u00f4me de niveau 4\u00a0 &#8211; anciennement IV : baccalaur\u00e9at ou \u00e9quivalent), <strong>demandez une dispense de titre ou dipl\u00f4me par le biais de la VAP, Validation des Acquis Professionnels \/ Personnels <\/strong>(<em>d\u00e9cret n\u00b0 85-906 du 23 ao\u00fbt 1985<\/em>).<\/p>\n<p><em><a href=\"\/pages\/?page_id=4019\">en savoir plus<\/a>&#8230;<\/em><\/td>\n<\/tr>\n<\/tbody>\n<\/table>\n","protected":false},"excerpt":{"rendered":"<table class=\"cell_align_content\">\n<tr>\n<td>Vous souhaitez vous pr\u00e9senter aux s\u00e9lections pour l&rsquo;entr\u00e9e en formation ASS, EJE, ES (dipl\u00f4mes de niveau II grad\u00e9s Licence) mais vous n&rsquo;avez pas les dipl\u00f4mes requis (dipl\u00f4me de niveau 4\u00a0 &#8211; anciennement IV : baccalaur\u00e9at ou \u00e9quivalent), <strong>demandez une dispense de titre ou dipl\u00f4me par le biais de la VAP, Validation des &hellip; <\/p>\n<p><a class=\"more-link btn\" href=\"https:\/\/www.imf.asso.fr\/pages\/?p=4035\">Lire la suite<\/a><\/p>\n<p><\/strong><\/td>\n<\/tr>\n<\/table>\n","protected":false},"author":1,"featured_media":0,"comment_status":"open","ping_status":"open","sticky":false,"template":"","format":"standard","meta":{"footnotes":""},"categories":[23,42],"tags":[],"_links":{"self":[{"href":"https:\/\/www.imf.asso.fr\/pages\/index.php?rest_route=\/wp\/v2\/posts\/4035"}],"collection":[{"href":"https:\/\/www.imf.asso.fr\/pages\/index.php?rest_route=\/wp\/v2\/posts"}],"about":[{"href":"https:\/\/www.imf.asso.fr\/pages\/index.php?rest_route=\/wp\/v2\/types\/post"}],"author":[{"embeddable":true,"href":"https:\/\/www.imf.asso.fr\/pages\/index.php?rest_route=\/wp\/v2\/users\/1"}],"replies":[{"embeddable":true,"href":"https:\/\/www.imf.asso.fr\/pages\/index.php?rest_route=%2Fwp%2Fv2%2Fcomments&post=4035"}],"version-history":[{"count":0,"href":"https:\/\/www.imf.asso.fr\/pages\/index.php?rest_route=\/wp\/v2\/posts\/4035\/revisions"}],"wp:attachment":[{"href":"https:\/\/www.imf.asso.fr\/pages\/index.php?rest_route=%2Fwp%2Fv2%2Fmedia&parent=4035"}],"wp:term":[{"taxonomy":"category","embeddable":true,"href":"https:\/\/www.imf.asso.fr\/pages\/index.php?rest_route=%2Fwp%2Fv2%2Fcategories&post=4035"},{"taxonomy":"post_tag","embeddable":true,"href":"https:\/\/www.imf.asso.fr\/pages\/index.php?rest_route=%2Fwp%2Fv2%2Ftags&post=4035"}],"curies":[{"name":"wp","href":"https:\/\/api.w.org\/{rel}","templated":true}]}}