{"id":15909,"date":"2026-01-01T11:24:49","date_gmt":"2026-01-01T10:24:49","guid":{"rendered":"https:\/\/www.imf.asso.fr\/pages\/?p=15909"},"modified":"2026-02-04T13:02:58","modified_gmt":"2026-02-04T12:02:58","slug":"presentation-du-livre-mazan-avignon-29-janvier-2026","status":"publish","type":"post","link":"https:\/\/www.imf.asso.fr\/pages\/?p=15909","title":{"rendered":"Pr\u00e9sentation du livre : Mazan | Avignon | 29 Janvier 2026"},"content":{"rendered":"<p>&nbsp;<\/p>\n<p>Le 29 janvier 2026, l\u2019IMF RIS a eu le plaisir d\u2019accueillir <strong>Lucille Florenza, Fatma Hamdoun<\/strong>, <strong>Corentin Legras<\/strong> et <strong>Ir\u00e8ne S\u00e9riaux<\/strong>, chercheur\u00b7euses en anthropologie, venu\u00b7es pr\u00e9senter leur ouvrage collectif : <em>\u00ab Mazan, anthropologie d\u2019un proc\u00e8s pour viol \u00bb<\/em>.<\/p>\n<p><!--more--><\/p>\n<p>Cet ouvrage est le fruit du travail de 14 chercheur\u00b7es en sciences sociales, qui ont suivi le proc\u00e8s aussi bien dans la salle d\u2019audience que dans les rues d\u2019Avignon et de Mazan.<\/p>\n<p>Les chercheur\u00b7euses ont suivi ce proc\u00e8s en menant une enqu\u00eate approfondie, recueillant des centaines de t\u00e9moignages de journalistes, avocat\u00b7es, membres de collectifs f\u00e9ministes, \u00e9tudiant\u00b7es, personnels de sant\u00e9, commer\u00e7ant\u00b7es, etc., offrant un point de vue in\u00e9dit sur cet \u00e9v\u00e9nement et sur les enjeux li\u00e9s aux violences sexuelles.<\/p>\n<p>Cette journ\u00e9e a permis aux \u00e9tudiant\u00b7es de mieux comprendre ce proc\u00e8s d\u2019une ampleur in\u00e9dite, ainsi que les m\u00e9thodologies utilis\u00e9es pour \u00e9tudier la lutte contre les violences sexuelles.<\/p>\n<p>Pour terminer, un moment d\u2019\u00e9change avec ces futur\u00b7es professionnel\u00b7les du travail social leur a permis d\u2019appr\u00e9hender et savoir mieux accompagner les personnes sur ces probl\u00e9matiques.<\/p>\n<p>Merci aux chercheur\u00b7euses pour ce temps d\u2019\u00e9change pr\u00e9cieux, et aux \u00e9tudiant\u00b7es pour leur participation\u00a0et leur engagement<\/p>\n<p>&nbsp;<\/p>\n<table style=\"border-collapse: collapse; width: 100%;\">\n<tbody>\n<tr>\n<td style=\"width: 33.3333%;\"><img decoding=\"async\" src=\"https:\/\/www.imf.asso.fr\/pages\/wp-content\/uploads\/image00003\u2705-scaled.jpeg\" \/><\/td>\n<td style=\"width: 33.3333%;\"><img decoding=\"async\" src=\"https:\/\/www.imf.asso.fr\/pages\/wp-content\/uploads\/image00002\u2705-scaled.jpeg\" \/>\u00a0<\/td>\n<td style=\"width: 34.5333%;\"><img decoding=\"async\" src=\"https:\/\/www.imf.asso.fr\/pages\/wp-content\/uploads\/image00016\u2705-scaled.jpeg\" \/><\/td>\n<\/tr>\n<tr>\n<td style=\"width: 33.3333%;\"><img decoding=\"async\" src=\"https:\/\/www.imf.asso.fr\/pages\/wp-content\/uploads\/image00011\u2705-scaled.jpeg\" \/><\/td>\n<td style=\"width: 33.3333%;\"><img decoding=\"async\" src=\"https:\/\/www.imf.asso.fr\/pages\/wp-content\/uploads\/image00012\u2705-scaled.jpeg\" \/>\u00a0<\/td>\n<td style=\"width: 34.5333%;\"><img decoding=\"async\" src=\"https:\/\/www.imf.asso.fr\/pages\/wp-content\/uploads\/image00021\u2705-scaled.jpeg\" \/><\/td>\n<\/tr>\n<\/tbody>\n<\/table>\n<p><img decoding=\"async\" loading=\"lazy\" class=\"aligncenter\" src=\"https:\/\/www.imf.asso.fr\/pages\/wp-content\/uploads\/Slider-site-IMF-19-2.png\" width=\"811\" height=\"331\" \/><\/p>\n","protected":false},"excerpt":{"rendered":"<p>&nbsp;<\/p>\n<p>Le 29 janvier 2026, l\u2019IMF RIS a eu le plaisir d\u2019accueillir <strong>Lucille Florenza, Fatma Hamdoun<\/strong>, <strong>Corentin Legras<\/strong> et <strong>Ir\u00e8ne S\u00e9riaux<\/strong>, chercheur\u00b7euses en anthropologie, venu\u00b7es pr\u00e9senter leur ouvrage collectif : <em>\u00ab Mazan, anthropologie d\u2019un proc\u00e8s pour viol \u00bb<\/em>.<\/p><p><a class=\"more-link btn\" href=\"https:\/\/www.imf.asso.fr\/pages\/?p=15909\">Lire la suite<\/a><\/p>\n","protected":false},"author":6,"featured_media":0,"comment_status":"open","ping_status":"open","sticky":false,"template":"","format":"standard","meta":{"footnotes":""},"categories":[29,1],"tags":[],"_links":{"self":[{"href":"https:\/\/www.imf.asso.fr\/pages\/index.php?rest_route=\/wp\/v2\/posts\/15909"}],"collection":[{"href":"https:\/\/www.imf.asso.fr\/pages\/index.php?rest_route=\/wp\/v2\/posts"}],"about":[{"href":"https:\/\/www.imf.asso.fr\/pages\/index.php?rest_route=\/wp\/v2\/types\/post"}],"author":[{"embeddable":true,"href":"https:\/\/www.imf.asso.fr\/pages\/index.php?rest_route=\/wp\/v2\/users\/6"}],"replies":[{"embeddable":true,"href":"https:\/\/www.imf.asso.fr\/pages\/index.php?rest_route=%2Fwp%2Fv2%2Fcomments&post=15909"}],"version-history":[{"count":4,"href":"https:\/\/www.imf.asso.fr\/pages\/index.php?rest_route=\/wp\/v2\/posts\/15909\/revisions"}],"predecessor-version":[{"id":16162,"href":"https:\/\/www.imf.asso.fr\/pages\/index.php?rest_route=\/wp\/v2\/posts\/15909\/revisions\/16162"}],"wp:attachment":[{"href":"https:\/\/www.imf.asso.fr\/pages\/index.php?rest_route=%2Fwp%2Fv2%2Fmedia&parent=15909"}],"wp:term":[{"taxonomy":"category","embeddable":true,"href":"https:\/\/www.imf.asso.fr\/pages\/index.php?rest_route=%2Fwp%2Fv2%2Fcategories&post=15909"},{"taxonomy":"post_tag","embeddable":true,"href":"https:\/\/www.imf.asso.fr\/pages\/index.php?rest_route=%2Fwp%2Fv2%2Ftags&post=15909"}],"curies":[{"name":"wp","href":"https:\/\/api.w.org\/{rel}","templated":true}]}}