{"id":15366,"date":"2025-11-01T15:00:25","date_gmt":"2025-11-01T14:00:25","guid":{"rendered":"https:\/\/www.imf.asso.fr\/pages\/?p=15366"},"modified":"2026-01-05T15:59:50","modified_gmt":"2026-01-05T14:59:50","slug":"interview-de-soleil-fm","status":"publish","type":"post","link":"https:\/\/www.imf.asso.fr\/pages\/?p=15366","title":{"rendered":"Interviews de Soleil FM"},"content":{"rendered":"<p>Dans le cadre de la<strong> Semaine du Handicap et de la Sant\u00e9 de Saint-Martin-de-Crau<\/strong>, Christine Moulery, coordinatrice sur l&rsquo;IMF RIS Arles, et certaines de ses apprenantes ont \u00e9t\u00e9 interview\u00e9es par <a href=\"https:\/\/www.soleilfm.com\/semaine-du-handicap-et-de-la-sante-a-saint-martin-de-crau-du-28-novembre-au-5-decembre-2025\/\">Soleil FM<\/a>. Nous vous laissons d\u00e9couvrir ces moments.<\/p>\n<p><!--more--><\/p>\n<p style=\"font-size: 24px; font-weight: bold; margin-bottom: 5px;\"><span style=\"font-size: 14pt;\">Interview de Christine Moulery et Alit\u00e9e, une des \u00e9l\u00e8ves de l&rsquo;IMF RIS Arles\u00a0<\/span><\/p>\n<div style=\"width: 100%; height: 4px; background: #2a4d8f; margin-bottom: 20px;\">\u00a0<\/div>\n<!--[if lt IE 9]><script>document.createElement('audio');<\/script><![endif]-->\n<audio class=\"wp-audio-shortcode\" id=\"audio-15366-1\" preload=\"none\" style=\"width: 100%;\" controls=\"controls\"><source type=\"audio\/mpeg\" src=\"https:\/\/www.imf.asso.fr\/pages\/wp-content\/uploads\/SEMAINE-DU-HANDICAP-SMC-01-DECEMBRE-2025-08-CHRISTINE-MOULERY-IMF.mp3?_=1\" \/><a href=\"https:\/\/www.imf.asso.fr\/pages\/wp-content\/uploads\/SEMAINE-DU-HANDICAP-SMC-01-DECEMBRE-2025-08-CHRISTINE-MOULERY-IMF.mp3\">https:\/\/www.imf.asso.fr\/pages\/wp-content\/uploads\/SEMAINE-DU-HANDICAP-SMC-01-DECEMBRE-2025-08-CHRISTINE-MOULERY-IMF.mp3<\/a><\/audio>\n<p>&nbsp;<\/p>\n<p style=\"font-size: 24px; font-weight: bold; margin-bottom: 5px;\"><span style=\"font-size: 14pt;\">Interview de Christine Moulery, Lyna et Safae, \u00e9tudiantes \u00e0 l\u2019IMF RIS Arles<\/span><\/p>\n<div style=\"width: 100%; height: 4px; background: #2a4d8f; margin-bottom: 20px;\">\u00a0<\/div>\n<audio class=\"wp-audio-shortcode\" id=\"audio-15366-2\" preload=\"none\" style=\"width: 100%;\" controls=\"controls\"><source type=\"audio\/mpeg\" src=\"https:\/\/www.imf.asso.fr\/pages\/wp-content\/uploads\/SEMAINE-DU-HANDICAP-SMC-05-DECEMBRE-2025-06-CHRISTINE-MOULERY-ET-LYNA-ET-SAFAE.mp3?_=2\" \/><a href=\"https:\/\/www.imf.asso.fr\/pages\/wp-content\/uploads\/SEMAINE-DU-HANDICAP-SMC-05-DECEMBRE-2025-06-CHRISTINE-MOULERY-ET-LYNA-ET-SAFAE.mp3\">https:\/\/www.imf.asso.fr\/pages\/wp-content\/uploads\/SEMAINE-DU-HANDICAP-SMC-05-DECEMBRE-2025-06-CHRISTINE-MOULERY-ET-LYNA-ET-SAFAE.mp3<\/a><\/audio>\n<p>&nbsp;<\/p>\n<p><a style=\"display: inline-block; background-color: #2a4d8f; color: white; padding: 10px 22px; text-decoration: none; font-size: 16px; border-radius: 0px; font-weight: 600; font-family: Arial,sans-serif; transition: background-color 0.2s ease;\" href=\"https:\/\/www.soleilfm.com\/semaine-du-handicap-et-de-la-sante-a-saint-martin-de-crau-du-28-novembre-au-5-decembre-2025\/\"> \u25ba Soleil FM Pays d&rsquo;Arles \u25c4 <\/a><\/p>\n<p>&nbsp;<\/p>\n<p><img decoding=\"async\" loading=\"lazy\" class=\"alignnone\" src=\"https:\/\/www.imf.asso.fr\/pages\/wp-content\/uploads\/Resized_20251201_103926-1.jpg\" width=\"811\" height=\"331\" \/><\/p>\n","protected":false},"excerpt":{"rendered":"<p>Dans le cadre de la<strong> Semaine du Handicap et de la Sant\u00e9 de Saint-Martin-de-Crau<\/strong>, Christine Moulery, coordinatrice sur l&rsquo;IMF RIS Arles, et certaines de ses apprenantes ont \u00e9t\u00e9 interview\u00e9es par <a href=\"https:\/\/www.soleilfm.com\/semaine-du-handicap-et-de-la-sante-a-saint-martin-de-crau-du-28-novembre-au-5-decembre-2025\/\">Soleil FM<\/a>. Nous vous laissons d\u00e9couvrir ces moments.<\/p><p><a class=\"more-link btn\" href=\"https:\/\/www.imf.asso.fr\/pages\/?p=15366\">Lire la suite<\/a><\/p>\n","protected":false},"author":4,"featured_media":0,"comment_status":"open","ping_status":"open","sticky":false,"template":"","format":"standard","meta":{"footnotes":""},"categories":[29],"tags":[],"_links":{"self":[{"href":"https:\/\/www.imf.asso.fr\/pages\/index.php?rest_route=\/wp\/v2\/posts\/15366"}],"collection":[{"href":"https:\/\/www.imf.asso.fr\/pages\/index.php?rest_route=\/wp\/v2\/posts"}],"about":[{"href":"https:\/\/www.imf.asso.fr\/pages\/index.php?rest_route=\/wp\/v2\/types\/post"}],"author":[{"embeddable":true,"href":"https:\/\/www.imf.asso.fr\/pages\/index.php?rest_route=\/wp\/v2\/users\/4"}],"replies":[{"embeddable":true,"href":"https:\/\/www.imf.asso.fr\/pages\/index.php?rest_route=%2Fwp%2Fv2%2Fcomments&post=15366"}],"version-history":[{"count":3,"href":"https:\/\/www.imf.asso.fr\/pages\/index.php?rest_route=\/wp\/v2\/posts\/15366\/revisions"}],"predecessor-version":[{"id":15618,"href":"https:\/\/www.imf.asso.fr\/pages\/index.php?rest_route=\/wp\/v2\/posts\/15366\/revisions\/15618"}],"wp:attachment":[{"href":"https:\/\/www.imf.asso.fr\/pages\/index.php?rest_route=%2Fwp%2Fv2%2Fmedia&parent=15366"}],"wp:term":[{"taxonomy":"category","embeddable":true,"href":"https:\/\/www.imf.asso.fr\/pages\/index.php?rest_route=%2Fwp%2Fv2%2Fcategories&post=15366"},{"taxonomy":"post_tag","embeddable":true,"href":"https:\/\/www.imf.asso.fr\/pages\/index.php?rest_route=%2Fwp%2Fv2%2Ftags&post=15366"}],"curies":[{"name":"wp","href":"https:\/\/api.w.org\/{rel}","templated":true}]}}