{"id":15230,"date":"2025-11-17T09:00:58","date_gmt":"2025-11-17T08:00:58","guid":{"rendered":"https:\/\/www.imf.asso.fr\/pages\/?p=15230"},"modified":"2025-12-11T14:11:31","modified_gmt":"2025-12-11T13:11:31","slug":"duoday-jeudi-20-novembre-arles","status":"publish","type":"post","link":"https:\/\/www.imf.asso.fr\/pages\/?p=15230","title":{"rendered":"Retour sur les DuoDays \u00e0 Arles"},"content":{"rendered":"<p>&nbsp;<\/p>\n<p>Journ\u00e9e d\u00e9di\u00e9e \u00e0 l&rsquo;inclusion professionnelle des personnes en situation de handicap, les DuoDays se d\u00e9roulent chaque ann\u00e9e \u00e0 la fin novembre.<\/p>\n<p><!--more--><\/p>\n<p>Cet \u00e9v\u00e9nement vise \u00e0 favoriser l&rsquo;<strong>insertion des personnes en situation de handicap<\/strong> dans le monde du travail et \u00e0 <strong>lutter contre les pr\u00e9jug\u00e9s<\/strong>. Pour l&rsquo;occasion, professionnels et personnes en situation d&rsquo;handicap se retrouvent en bin\u00f4me,\u00a0 pour passer une journ\u00e9e de stage ensemble.<\/p>\n<p>L&rsquo;ann\u00e9e derni\u00e8re les pr\u00e9pa AES de l&rsquo;IMF RIS Arles ont eu l&rsquo;opportunit\u00e9 d&rsquo;accueillir une r\u00e9sidente du Mas Saint-Pierre porteuse de trisomie 21 lors d&rsquo;une journ\u00e9e pleine d&rsquo;\u00e9nergie et de partages\u00a0 !<\/p>\n<p>En Novembre 2025, l\u2019IMF RIS Arles a eu le plaisir de participer \u00e0 nouveau aux DuoDays et d\u2019accueillir Antonio pour une journ\u00e9e d&rsquo;immersion.<\/p>\n<p><strong><a href=\"https:\/\/www.imf.asso.fr\/pages\/wp-content\/uploads\/Article-rencontre-Arles-Duo-DAY.pdf\"> \u2192 Lire le compte-rendu r\u00e9alis\u00e9 par une apprenante de la pr\u00e9pa AES\u00a0<\/a><\/strong><\/p>\n<p><strong><a href=\"https:\/\/www.linkedin.com\/posts\/imf-institutmediterraneendeformationetrechercheentravailsocial_inclusion-duoday-travailsocial-activity-7401920872854470656-KH_Y\/?utm_source=share&#038;utm_medium=member_desktop&#038;rcm=ACoAADzjI7YBuKQNj6VoZwwCvM01Uj1aSAooRwo\"> \u2192 Voir la journ\u00e9e d&rsquo;immersion d&rsquo;Antonio \u00a0<\/a><\/strong><\/p>\n<p><img decoding=\"async\" loading=\"lazy\" class=\"alignnone wp-image-14495 \" src=\"https:\/\/www.imf.asso.fr\/pages\/wp-content\/uploads\/Slider-site-IMF-11.png\" alt=\"\" width=\"749\" height=\"286\" \/><\/p>\n","protected":false},"excerpt":{"rendered":"<p>&nbsp;<\/p>\n<p>Journ\u00e9e d\u00e9di\u00e9e \u00e0 l&rsquo;inclusion professionnelle des personnes en situation de handicap, les DuoDays se d\u00e9roulent chaque ann\u00e9e \u00e0 la fin novembre.<\/p><p><a class=\"more-link btn\" href=\"https:\/\/www.imf.asso.fr\/pages\/?p=15230\">Lire la suite<\/a><\/p>\n","protected":false},"author":6,"featured_media":0,"comment_status":"open","ping_status":"open","sticky":false,"template":"","format":"standard","meta":{"footnotes":""},"categories":[1],"tags":[],"_links":{"self":[{"href":"https:\/\/www.imf.asso.fr\/pages\/index.php?rest_route=\/wp\/v2\/posts\/15230"}],"collection":[{"href":"https:\/\/www.imf.asso.fr\/pages\/index.php?rest_route=\/wp\/v2\/posts"}],"about":[{"href":"https:\/\/www.imf.asso.fr\/pages\/index.php?rest_route=\/wp\/v2\/types\/post"}],"author":[{"embeddable":true,"href":"https:\/\/www.imf.asso.fr\/pages\/index.php?rest_route=\/wp\/v2\/users\/6"}],"replies":[{"embeddable":true,"href":"https:\/\/www.imf.asso.fr\/pages\/index.php?rest_route=%2Fwp%2Fv2%2Fcomments&post=15230"}],"version-history":[{"count":3,"href":"https:\/\/www.imf.asso.fr\/pages\/index.php?rest_route=\/wp\/v2\/posts\/15230\/revisions"}],"predecessor-version":[{"id":15243,"href":"https:\/\/www.imf.asso.fr\/pages\/index.php?rest_route=\/wp\/v2\/posts\/15230\/revisions\/15243"}],"wp:attachment":[{"href":"https:\/\/www.imf.asso.fr\/pages\/index.php?rest_route=%2Fwp%2Fv2%2Fmedia&parent=15230"}],"wp:term":[{"taxonomy":"category","embeddable":true,"href":"https:\/\/www.imf.asso.fr\/pages\/index.php?rest_route=%2Fwp%2Fv2%2Fcategories&post=15230"},{"taxonomy":"post_tag","embeddable":true,"href":"https:\/\/www.imf.asso.fr\/pages\/index.php?rest_route=%2Fwp%2Fv2%2Ftags&post=15230"}],"curies":[{"name":"wp","href":"https:\/\/api.w.org\/{rel}","templated":true}]}}