{"id":15115,"date":"2025-11-12T14:30:05","date_gmt":"2025-11-12T13:30:05","guid":{"rendered":"https:\/\/www.imf.asso.fr\/pages\/?p=15115"},"modified":"2025-11-12T14:35:18","modified_gmt":"2025-11-12T13:35:18","slug":"europe-sociale-regards-citoyens-regards-inclusifs-14-10-25","status":"publish","type":"post","link":"https:\/\/www.imf.asso.fr\/pages\/?p=15115","title":{"rendered":"Europe Sociale : Regards citoyens, Regards Inclusifs | 14\/10\/25"},"content":{"rendered":"<p><!--more--><\/p>\n<p>\u00c0 l&rsquo;occasion de la Journ\u00e9e Erasmus Days, l\u2019\u00e9tablissement IMF RIS d\u2019Avignon a accueilli l\u2019exposition \u00ab<strong> <em>Regards citoyens, Regard inclusif<\/em><\/strong> \u00bb.<\/p>\n<div>\n<p>Cette exposition s\u2019inscrit dans le cadre\u00a0de L\u2019Europe sociale en action et financ\u00e9 par l\u2019appel \u00e0 projets 2024 <strong>Comp\u00e9tences et Citoyennet\u00e9 europ\u00e9enne<\/strong>\u00a0de la\u00a0<em>R\u00e9gion Sud-Provence-Alpes-C\u00f4te d\u2019Azur.<\/em><\/p>\n<p>Libert\u00e9, solidarit\u00e9, justice, respect\u2026 \u00c0 travers des photographies et des t\u00e9moignages film\u00e9s de nos apprenants, cette exposition invite \u00e0 explorer la mani\u00e8re dont ces valeurs s\u2019incarnent dans notre quotidien et leur impact au sein de nos soci\u00e9t\u00e9s.<\/p>\n<\/div>\n<p>&nbsp;<\/p>\n<table style=\"border-collapse: collapse; width: 112.386%; height: 322px;\">\n<tbody>\n<tr>\n<td style=\"width: 26.9332%;\"><img decoding=\"async\" src=\"https:\/\/www.imf.asso.fr\/pages\/wp-content\/uploads\/20251014_083839-scaled.jpg\" width=\"270px\" \/><\/td>\n<td style=\"width: 45.8668%;\"><img decoding=\"async\" loading=\"lazy\" class=\"alignnone\" src=\"https:\/\/www.imf.asso.fr\/pages\/wp-content\/uploads\/20251014_085557-1-scaled.jpg\" width=\"416\" height=\"312\" \/><\/td>\n<td style=\"width: 89.9999%;\"><img decoding=\"async\" class=\"alignnone wp-image-13442\" src=\"https:\/\/www.imf.asso.fr\/pages\/wp-content\/uploads\/20251014_083848-scaled.jpg\" alt=\"\" width=\"270px\" height=\"311\" \/><\/td>\n<\/tr>\n<\/tbody>\n<\/table>\n","protected":false},"excerpt":{"rendered":"","protected":false},"author":6,"featured_media":0,"comment_status":"open","ping_status":"open","sticky":false,"template":"","format":"standard","meta":{"footnotes":""},"categories":[1],"tags":[],"_links":{"self":[{"href":"https:\/\/www.imf.asso.fr\/pages\/index.php?rest_route=\/wp\/v2\/posts\/15115"}],"collection":[{"href":"https:\/\/www.imf.asso.fr\/pages\/index.php?rest_route=\/wp\/v2\/posts"}],"about":[{"href":"https:\/\/www.imf.asso.fr\/pages\/index.php?rest_route=\/wp\/v2\/types\/post"}],"author":[{"embeddable":true,"href":"https:\/\/www.imf.asso.fr\/pages\/index.php?rest_route=\/wp\/v2\/users\/6"}],"replies":[{"embeddable":true,"href":"https:\/\/www.imf.asso.fr\/pages\/index.php?rest_route=%2Fwp%2Fv2%2Fcomments&post=15115"}],"version-history":[{"count":2,"href":"https:\/\/www.imf.asso.fr\/pages\/index.php?rest_route=\/wp\/v2\/posts\/15115\/revisions"}],"predecessor-version":[{"id":15193,"href":"https:\/\/www.imf.asso.fr\/pages\/index.php?rest_route=\/wp\/v2\/posts\/15115\/revisions\/15193"}],"wp:attachment":[{"href":"https:\/\/www.imf.asso.fr\/pages\/index.php?rest_route=%2Fwp%2Fv2%2Fmedia&parent=15115"}],"wp:term":[{"taxonomy":"category","embeddable":true,"href":"https:\/\/www.imf.asso.fr\/pages\/index.php?rest_route=%2Fwp%2Fv2%2Fcategories&post=15115"},{"taxonomy":"post_tag","embeddable":true,"href":"https:\/\/www.imf.asso.fr\/pages\/index.php?rest_route=%2Fwp%2Fv2%2Ftags&post=15115"}],"curies":[{"name":"wp","href":"https:\/\/api.w.org\/{rel}","templated":true}]}}