{"id":14808,"date":"2025-10-24T07:00:48","date_gmt":"2025-10-24T05:00:48","guid":{"rendered":"https:\/\/www.imf.asso.fr\/pages\/?p=14808"},"modified":"2025-10-24T11:49:03","modified_gmt":"2025-10-24T09:49:03","slug":"info-metier-jeudi-06-novembre-cite-des-metiers-marseille","status":"publish","type":"post","link":"https:\/\/www.imf.asso.fr\/pages\/?p=14808","title":{"rendered":"Info-m\u00e9tier | jeudi 06 novembre | Cit\u00e9 des M\u00e9tiers Marseille"},"content":{"rendered":"<p>&nbsp;<\/p>\n<p><span class=\"break-words\n          tvm-parent-container\"><span dir=\"ltr\"><strong>Jeudi 6 novembre de 10h \u00e0 12h<\/strong>, venez nombreux \u00e0 la<strong> Cit\u00e9 des M\u00e9tiers de Marseille et de Provence-Alpes-C\u00f4te d\u2019Azur<\/strong> (6, rue des consuls \u2013 13002 MARSEILLE) pour d\u00e9couvrir les m\u00e9tiers du social et explorer les\u00a0opportunit\u00e9s d\u2019emploi, les perspectives d\u2019\u00e9volution et les formations de ce secteur. <\/span><\/span><\/p>\n<p><span id=\"more-14494\"><\/span><span class=\"&quot;break-words\"><!--more--><span class=\"break-words\n          tvm-parent-container\"><span dir=\"ltr\">Notre \u00e9quipe se fera un plaisir de r\u00e9pondre \u00e0 toutes vos questions !<\/p>\n<p><a href=\"https:\/\/citedesmetiers.fr\/evenements\/?idEvent=41463\">\u00a0Suivre le lien pour s&rsquo;inscrire<\/a>.<\/span><\/span><br \/>\n<a href=\"https:\/\/citedesmetiers.fr\/evenements\/?idEvent=41463\"><img decoding=\"async\" loading=\"lazy\" class=\"alignnone wp-image-14495 size-full\" src=\"https:\/\/www.imf.asso.fr\/pages\/wp-content\/uploads\/infocitemetier06nov.png\" alt=\"\" width=\"501\" height=\"191\" \/><\/a><\/span><\/p>\n","protected":false},"excerpt":{"rendered":"<p>&nbsp;<\/p>\n<p><span class=\"break-words tvm-parent-container\"><span dir=\"ltr\"><strong>Jeudi 6 novembre de 10h \u00e0 12h<\/strong>, venez nombreux \u00e0 la<strong> Cit\u00e9 des M\u00e9tiers de Marseille et de Provence-Alpes-C\u00f4te d\u2019Azur<\/strong> (6, rue des consuls \u2013 13002 MARSEILLE) pour d\u00e9couvrir les m\u00e9tiers du social et explorer les\u00a0opportunit\u00e9s d\u2019emploi, les perspectives d\u2019\u00e9volution et les formations de ce secteur. <\/span><\/span><\/p>\n<p><span id=\"more-14494\"><\/span><span class=\"&quot;break-words\"><\/span><\/p><p><a class=\"more-link btn\" href=\"https:\/\/www.imf.asso.fr\/pages\/?p=14808\">Lire la suite<\/a><\/p>\n","protected":false},"author":4,"featured_media":0,"comment_status":"open","ping_status":"open","sticky":false,"template":"","format":"standard","meta":{"footnotes":""},"categories":[29],"tags":[],"_links":{"self":[{"href":"https:\/\/www.imf.asso.fr\/pages\/index.php?rest_route=\/wp\/v2\/posts\/14808"}],"collection":[{"href":"https:\/\/www.imf.asso.fr\/pages\/index.php?rest_route=\/wp\/v2\/posts"}],"about":[{"href":"https:\/\/www.imf.asso.fr\/pages\/index.php?rest_route=\/wp\/v2\/types\/post"}],"author":[{"embeddable":true,"href":"https:\/\/www.imf.asso.fr\/pages\/index.php?rest_route=\/wp\/v2\/users\/4"}],"replies":[{"embeddable":true,"href":"https:\/\/www.imf.asso.fr\/pages\/index.php?rest_route=%2Fwp%2Fv2%2Fcomments&post=14808"}],"version-history":[{"count":1,"href":"https:\/\/www.imf.asso.fr\/pages\/index.php?rest_route=\/wp\/v2\/posts\/14808\/revisions"}],"predecessor-version":[{"id":14810,"href":"https:\/\/www.imf.asso.fr\/pages\/index.php?rest_route=\/wp\/v2\/posts\/14808\/revisions\/14810"}],"wp:attachment":[{"href":"https:\/\/www.imf.asso.fr\/pages\/index.php?rest_route=%2Fwp%2Fv2%2Fmedia&parent=14808"}],"wp:term":[{"taxonomy":"category","embeddable":true,"href":"https:\/\/www.imf.asso.fr\/pages\/index.php?rest_route=%2Fwp%2Fv2%2Fcategories&post=14808"},{"taxonomy":"post_tag","embeddable":true,"href":"https:\/\/www.imf.asso.fr\/pages\/index.php?rest_route=%2Fwp%2Fv2%2Ftags&post=14808"}],"curies":[{"name":"wp","href":"https:\/\/api.w.org\/{rel}","templated":true}]}}