{"id":14613,"date":"2025-10-21T12:38:22","date_gmt":"2025-10-21T10:38:22","guid":{"rendered":"https:\/\/www.imf.asso.fr\/pages\/?p=14613"},"modified":"2025-10-21T12:38:22","modified_gmt":"2025-10-21T10:38:22","slug":"rencontre-employeurs-et-partenaires-jeudi-06-novembre-imf-ris-avignon","status":"publish","type":"post","link":"https:\/\/www.imf.asso.fr\/pages\/?p=14613","title":{"rendered":"Rencontre employeurs et partenaires | jeudi 06 Novembre | IMF RIS Avignon"},"content":{"rendered":"<p>&nbsp;<\/p>\n<p><strong data-start=\"150\" data-end=\"191\">Jeudi 6 novembre, <\/strong>de<strong data-start=\"150\" data-end=\"191\"> 17h30 <\/strong>\u00e0<strong data-start=\"150\" data-end=\"191\"> 18h30<\/strong>, nous vous donnons rendez-vous \u00e0 <strong data-start=\"225\" data-end=\"246\">l\u2019IMF RIS Avignon, \u00e0 <\/strong>l&rsquo;<strong data-start=\"225\" data-end=\"246\">Amphith\u00e9\u00e2tre<\/strong> dans le batiment 5,\u00a0pour un temps d\u2019\u00e9change entre nos partenaires et les employeurs du territoire.<\/p>\n<p data-start=\"349\" data-end=\"594\">Cette rencontre sera l\u2019occasion de pr\u00e9senter nos formations <strong>cadres<\/strong> et nos programmes (CAFDES, DEIS, CAFERUIS), mais surtout de partager vos retours et vos attentes afin d\u2019adapter au mieux nos contenus p\u00e9dagogiques aux besoins du terrain.<\/p>\n<p data-start=\"596\" data-end=\"760\">Votre exp\u00e9rience et vos retours sont pr\u00e9cieux pour nous aider \u00e0 am\u00e9liorer nos formations afin de mieux r\u00e9pondre aux exigences de la pratique.<\/p>\n<p data-start=\"596\" data-end=\"760\"><strong data-start=\"805\" data-end=\"860\">Si vous \u00eates int\u00e9ress\u00e9s, vous pouvez en informer,\u00a0 Eglantine Ageneau :\u00a0 <a class=\"pwHwmXBqmofSClxsctVkNQQzvNIASaSVkFYLg \" tabindex=\"0\" href=\"mailto:e.ageneau@imf.asso.fr\" target=\"_self\" rel=\"noopener\" data-test-app-aware-link=\"\">e.ageneau@imf.asso.fr<\/a><\/strong><\/p>\n<p><img decoding=\"async\" loading=\"lazy\" class=\"alignnone wp-image-14495 size-full\" src=\"https:\/\/www.imf.asso.fr\/pages\/wp-content\/uploads\/Slider-site-IMF-4.png\" alt=\"\" width=\"501\" height=\"191\" \/><\/p>\n","protected":false},"excerpt":{"rendered":"<p>&nbsp;<\/p>\n<p><strong data-start=\"150\" data-end=\"191\">Jeudi 6 novembre, <\/strong>de<strong data-start=\"150\" data-end=\"191\"> 17h30 <\/strong>\u00e0<strong data-start=\"150\" data-end=\"191\"> 18h30<\/strong>, nous vous donnons rendez-vous \u00e0 <strong data-start=\"225\" data-end=\"246\">l\u2019IMF RIS Avignon, \u00e0 <\/strong>l&rsquo;<strong data-start=\"225\" data-end=\"246\">Amphith\u00e9\u00e2tre<\/strong> dans le batiment 5,\u00a0pour un temps d\u2019\u00e9change entre nos partenaires et les employeurs du territoire.<\/p>\n<p data-start=\"349\" data-end=\"594\">Cette rencontre sera l\u2019occasion de pr\u00e9senter nos formations <strong>cadres<\/strong> et &hellip; <\/p>\n<p><a class=\"more-link btn\" href=\"https:\/\/www.imf.asso.fr\/pages\/?p=14613\">Lire la suite<\/a><\/p>\n","protected":false},"author":6,"featured_media":0,"comment_status":"open","ping_status":"open","sticky":false,"template":"","format":"standard","meta":{"footnotes":""},"categories":[29],"tags":[],"_links":{"self":[{"href":"https:\/\/www.imf.asso.fr\/pages\/index.php?rest_route=\/wp\/v2\/posts\/14613"}],"collection":[{"href":"https:\/\/www.imf.asso.fr\/pages\/index.php?rest_route=\/wp\/v2\/posts"}],"about":[{"href":"https:\/\/www.imf.asso.fr\/pages\/index.php?rest_route=\/wp\/v2\/types\/post"}],"author":[{"embeddable":true,"href":"https:\/\/www.imf.asso.fr\/pages\/index.php?rest_route=\/wp\/v2\/users\/6"}],"replies":[{"embeddable":true,"href":"https:\/\/www.imf.asso.fr\/pages\/index.php?rest_route=%2Fwp%2Fv2%2Fcomments&post=14613"}],"version-history":[{"count":2,"href":"https:\/\/www.imf.asso.fr\/pages\/index.php?rest_route=\/wp\/v2\/posts\/14613\/revisions"}],"predecessor-version":[{"id":14620,"href":"https:\/\/www.imf.asso.fr\/pages\/index.php?rest_route=\/wp\/v2\/posts\/14613\/revisions\/14620"}],"wp:attachment":[{"href":"https:\/\/www.imf.asso.fr\/pages\/index.php?rest_route=%2Fwp%2Fv2%2Fmedia&parent=14613"}],"wp:term":[{"taxonomy":"category","embeddable":true,"href":"https:\/\/www.imf.asso.fr\/pages\/index.php?rest_route=%2Fwp%2Fv2%2Fcategories&post=14613"},{"taxonomy":"post_tag","embeddable":true,"href":"https:\/\/www.imf.asso.fr\/pages\/index.php?rest_route=%2Fwp%2Fv2%2Ftags&post=14613"}],"curies":[{"name":"wp","href":"https:\/\/api.w.org\/{rel}","templated":true}]}}