{"id":14585,"date":"2025-07-07T11:23:08","date_gmt":"2025-07-07T09:23:08","guid":{"rendered":"https:\/\/www.imf.asso.fr\/pages\/?p=14585"},"modified":"2025-10-16T11:37:11","modified_gmt":"2025-10-16T09:37:11","slug":"souvenir-europeen-le-premier-elargissement-de-leurope","status":"publish","type":"post","link":"https:\/\/www.imf.asso.fr\/pages\/?p=14585","title":{"rendered":"Souvenir europ\u00e9en : le premier \u00e9largissement de l&rsquo;Europe"},"content":{"rendered":"<p>&nbsp;<\/p>\n<p><strong>Lors d\u2019un r\u00e9cent s\u00e9jour en Angleterre, notre stagiaire Manuela a immortalis\u00e9 un moment symbolique devant Big Ben, \u00e0 Londres. Ce clich\u00e9, au-del\u00e0 du plaisir du voyage, rend hommage \u00e0 un \u00e9pisode cl\u00e9 de la construction europ\u00e9enne : l\u2019adh\u00e9sion du Danemark, de l\u2019Irlande et du Royaume-Uni aux Communaut\u00e9s europ\u00e9ennes le 1er janvier 1973<\/strong>. <strong>Il int\u00e8grera l\u2019exposition \u00e0 venir sur les jalons de la construction europ\u00e9enne qui fait partie int\u00e9grante du projet EUxFuture.<\/strong><\/p>\n<p><!--more--><\/p>\n<p>Cet \u00e9v\u00e9nement marquait le premier \u00e9largissement du projet communautaire lanc\u00e9 en 1957 par le trait\u00e9 de Rome autour des six \u00c9tats fondateurs\u00a0: la France, l\u2019Allemagne de l\u2019Ouest, l\u2019Italie, la Belgique, les Pays-Bas et le Luxembourg ouvrant ainsi une nouvelle page de l\u2019histoire de l\u2019int\u00e9gration europ\u00e9enne.<\/p>\n<p>Au d\u00e9but des ann\u00e9es 1970, apr\u00e8s plus d\u2019une d\u00e9cennie de croissance \u00e9conomique soutenue et de consolidation du march\u00e9 commun, les pays europ\u00e9ens non-membres observent avec int\u00e9r\u00eat la dynamique en marche. Pour le Royaume-Uni, le Danemark et l\u2019Irlande l\u2019entr\u00e9e dans la CEE repr\u00e9sentait un tournant strat\u00e9gique : s\u2019int\u00e9grer \u00e0 un march\u00e9 en pleine expansion tout en participant \u00e0 une construction politique in\u00e9dite.<\/p>\n<p>L\u2019occasion de revenir sur les motivations de ces 3 pays dans leur adh\u00e9sion \u00e0 la Communaut\u00e9 Economique Europ\u00e9enne (CEE).<\/p>\n<h1><img decoding=\"async\" loading=\"lazy\" class=\"alignnone wp-image-14586 size-full\" src=\"https:\/\/www.imf.asso.fr\/pages\/wp-content\/uploads\/4-First_EU_enlargement.png\" alt=\"\" width=\"1536\" height=\"1024\" srcset=\"https:\/\/www.imf.asso.fr\/pages\/wp-content\/uploads\/4-First_EU_enlargement.png 1536w, https:\/\/www.imf.asso.fr\/pages\/wp-content\/uploads\/4-First_EU_enlargement-300x200.png 300w, https:\/\/www.imf.asso.fr\/pages\/wp-content\/uploads\/4-First_EU_enlargement-1024x683.png 1024w, https:\/\/www.imf.asso.fr\/pages\/wp-content\/uploads\/4-First_EU_enlargement-768x512.png 768w, https:\/\/www.imf.asso.fr\/pages\/wp-content\/uploads\/4-First_EU_enlargement-945x630.png 945w\" sizes=\"(max-width: 1536px) 100vw, 1536px\" \/><\/h1>\n<h2>Le Royaume-Uni : entre h\u00e9sitations et ambition europ\u00e9enne<\/h2>\n<p>L\u2019histoire du Royaume-Uni et de l\u2019Europe est marqu\u00e9e par une relation complexe et heurt\u00e9e. Apr\u00e8s la Seconde Guerre mondiale, le Royaume-Uni choisit d\u2019abord de rester en marge du projet communautaire. Londres privil\u00e9gie des structures plus souples comme l\u2019Association europ\u00e9enne de libre-\u00e9change (AELE), fond\u00e9e en 1960, qu\u2019elle con\u00e7oit comme une alternative \u00e0 la CEE jug\u00e9e trop int\u00e9gr\u00e9e politiquement.<\/p>\n<p>Mais rapidement, la dynamique \u00e9conomique du march\u00e9 commun attire l\u2019attention. Les exportations britanniques vers la CEE progressent bien plus rapidement que celles vers les pays de l\u2019AELE. En 1961, le Premier ministre conservateur Harold Macmillan d\u00e9cide donc de demander l\u2019adh\u00e9sion. Deux fois, en 1963 et en 1967, le g\u00e9n\u00e9ral de Gaulle met son veto, craignant que le Royaume-Uni ne soit le \u00ab cheval de Troie \u00bb des \u00c9tats-Unis au sein de l\u2019Europe.<\/p>\n<p>Ce n\u2019est qu\u2019apr\u00e8s le d\u00e9part de De Gaulle, en 1969, que les n\u00e9gociations reprennent sous le gouvernement travailliste d\u2019Edward Heath, pro-europ\u00e9en convaincu. Le trait\u00e9 d\u2019adh\u00e9sion est sign\u00e9 en janvier 1972 puis ratifi\u00e9 par le Parlement britannique \u00e0 travers le European Communities Act, permettant l\u2019entr\u00e9e officielle du pays dans la CEE le 1er janvier 1973.<\/p>\n<p>Pourtant, la relation britannique \u00e0 l\u2019Europe restera ambivalente : r\u00e9f\u00e9rendum de 1975 confirmant l\u2019appartenance, opt-out sur certaines politiques (euro, Schengen), puis le Brexit de 2016, qui marquera la sortie d\u00e9finitive du pays en 2020.<\/p>\n<h2>L\u2019Irlande : un tournant vers l\u2019ouverture et la modernit\u00e9<\/h2>\n<p>Pour l\u2019Irlande, l\u2019adh\u00e9sion \u00e0 la CEE fut un v\u00e9ritable choix de soci\u00e9t\u00e9. Longtemps d\u00e9pendante \u00e9conomiquement du Royaume-Uni, l\u2019Irlande voyait dans l\u2019Europe une chance d\u2019\u00e9mancipation En effet, \u00e0 l\u2019aube des ann\u00e9es 1970, le pays reste majoritairement rural et peu industrialis\u00e9. Les gouvernements irlandais successifs comprennent que l\u2019int\u00e9gration europ\u00e9enne peut offrir de nouvelles perspectives : acc\u00e8s \u00e0 un veste march\u00e9 \u00e9conomique dynamique, modernisation agricole, et surtout, une ouverture diplomatique qui lui permet de s\u2019affirmer sur la sc\u00e8ne internationale.<\/p>\n<p><strong>L\u2019adh\u00e9sion de l\u2019Irlande est approuv\u00e9e \u00e0 une \u00e9crasante majorit\u00e9 par 83 % des votants lors du r\u00e9f\u00e9rendum du 10 mai 1972.<\/strong> Ce soutien populaire t\u00e9moigne d\u2019un v\u00e9ritable espoir de la soci\u00e9t\u00e9 irlandaise. D\u00e8s son entr\u00e9e, l\u2019Irlande b\u00e9n\u00e9ficie des fonds structurels europ\u00e9ens, qui financeront de grands projets d\u2019infrastructures et de d\u00e9veloppement rural. L\u2019int\u00e9gration europ\u00e9enne contribuera largement \u00e0 la transformation du pays : dans les d\u00e9cennies suivantes, l\u2019Irlande deviendra un mod\u00e8le de croissance, attirant les entreprises internationales et gagnant le surnom de \u00ab Tigre celtique \u00bb.<\/p>\n<p>&nbsp;<\/p>\n<h2>Le Danemark : une adh\u00e9sion pragmatique et nordique<\/h2>\n<p>Pour le Danemark, l\u2019adh\u00e9sion \u00e0 la CEE s\u2019inscrit \u00e9galement dans une logique \u00e9conomique. Le pays entretient des liens commerciaux \u00e9troits avec le Royaume-Uni : en 1970, pr\u00e8s de 70 % des exportations danoises d\u00e9pendent du march\u00e9 britannique.<br \/>\nLorsque Londres annonce son intention de rejoindre la CEE, le Danemark choisit de le suivre afin d\u2019\u00e9viter un isolement commercial.<\/p>\n<p>Le r\u00e9f\u00e9rendum danois du 2 octobre 1972 voit 63 % de \u00ab oui \u00bb, refl\u00e9tant une adh\u00e9sion plus prudente que celle de l\u2019Irlande, mais port\u00e9e par le pragmatisme \u00e9conomique et le souhait de participer aux d\u00e9cisions europ\u00e9ennes.<\/p>\n<p>Depuis son entr\u00e9e, le Danemark a entretenu une relation \u00e9quilibr\u00e9e avec l\u2019Union europ\u00e9enne : partenaire actif mais vigilant quant \u00e0 la pr\u00e9servation de sa souverainet\u00e9.<br \/>\nComme le Royaume-Uni, il a obtenu plusieurs clauses d\u2019exemption : il ne fait pas partie de la zone euro et a choisi de rester en dehors de certaines coop\u00e9rations en mati\u00e8re de d\u00e9fense.<\/p>\n<p>Retrouvez prochainement plus de jalons de la construction europ\u00e9enne en photos au travers de notre exposition construite avec les partenaires du projet EUxFuture\u00a0:<\/p>\n<ul>\n<li>Asociaci\u00f3n Iniciativa Internacional Joven (Malaga, Spain)<\/li>\n<li>Hidak Ifjusagi Alapitvany \/ Youth Bridges Budapest (Budapest, Hungary);<\/li>\n<li>Institut M\u00e9diterran\u00e9en de Formation Recherche et Intervention Sociale (Marseille, France);<\/li>\n<li>Associa\u00e7\u00e3o de Artistas Urbanos e de Transforma\u00e7\u00e3o Social (Lisbon, Portugal);<\/li>\n<li>Travelogue Associazione di Promozione Sociale (Marsciano, Italy);<\/li>\n<\/ul>\n<p><img decoding=\"async\" src=\"https:\/\/www.imf.asso.fr\/pages\/wp-content\/uploads\/Logo-EU-X-FUTURE-logo-co-funded-by-the-EU.png\" \/><\/p>\n","protected":false},"excerpt":{"rendered":"<p>&nbsp;<\/p>\n<p><strong>Lors d\u2019un r\u00e9cent s\u00e9jour en Angleterre, notre stagiaire Manuela a immortalis\u00e9 un moment symbolique devant Big Ben, \u00e0 Londres. Ce clich\u00e9, au-del\u00e0 du plaisir du voyage, rend hommage \u00e0 un \u00e9pisode cl\u00e9 de la construction europ\u00e9enne : l\u2019adh\u00e9sion du Danemark, de l\u2019Irlande et du Royaume-Uni aux Communaut\u00e9s europ\u00e9ennes le 1er janvier 1973<\/strong>. <strong>Il int\u00e8grera &hellip; <\/strong><\/p>\n<p><a class=\"more-link btn\" href=\"https:\/\/www.imf.asso.fr\/pages\/?p=14585\">Lire la suite<\/a><\/p>\n","protected":false},"author":4,"featured_media":0,"comment_status":"open","ping_status":"open","sticky":false,"template":"","format":"standard","meta":{"footnotes":""},"categories":[1],"tags":[],"_links":{"self":[{"href":"https:\/\/www.imf.asso.fr\/pages\/index.php?rest_route=\/wp\/v2\/posts\/14585"}],"collection":[{"href":"https:\/\/www.imf.asso.fr\/pages\/index.php?rest_route=\/wp\/v2\/posts"}],"about":[{"href":"https:\/\/www.imf.asso.fr\/pages\/index.php?rest_route=\/wp\/v2\/types\/post"}],"author":[{"embeddable":true,"href":"https:\/\/www.imf.asso.fr\/pages\/index.php?rest_route=\/wp\/v2\/users\/4"}],"replies":[{"embeddable":true,"href":"https:\/\/www.imf.asso.fr\/pages\/index.php?rest_route=%2Fwp%2Fv2%2Fcomments&post=14585"}],"version-history":[{"count":2,"href":"https:\/\/www.imf.asso.fr\/pages\/index.php?rest_route=\/wp\/v2\/posts\/14585\/revisions"}],"predecessor-version":[{"id":14593,"href":"https:\/\/www.imf.asso.fr\/pages\/index.php?rest_route=\/wp\/v2\/posts\/14585\/revisions\/14593"}],"wp:attachment":[{"href":"https:\/\/www.imf.asso.fr\/pages\/index.php?rest_route=%2Fwp%2Fv2%2Fmedia&parent=14585"}],"wp:term":[{"taxonomy":"category","embeddable":true,"href":"https:\/\/www.imf.asso.fr\/pages\/index.php?rest_route=%2Fwp%2Fv2%2Fcategories&post=14585"},{"taxonomy":"post_tag","embeddable":true,"href":"https:\/\/www.imf.asso.fr\/pages\/index.php?rest_route=%2Fwp%2Fv2%2Ftags&post=14585"}],"curies":[{"name":"wp","href":"https:\/\/api.w.org\/{rel}","templated":true}]}}