{"id":14494,"date":"2025-10-01T09:33:54","date_gmt":"2025-10-01T07:33:54","guid":{"rendered":"https:\/\/www.imf.asso.fr\/pages\/?p=14494"},"modified":"2025-10-01T09:33:54","modified_gmt":"2025-10-01T07:33:54","slug":"info-metier-jeudi-02-octobre-cite-des-metiers-marseille","status":"publish","type":"post","link":"https:\/\/www.imf.asso.fr\/pages\/?p=14494","title":{"rendered":"Info-m\u00e9tier | jeudi 02 octobre | Cit\u00e9 des M\u00e9tiers Marseille"},"content":{"rendered":"<p>&nbsp;<\/p>\n<p><span class=\"break-words\n          tvm-parent-container\"><span dir=\"ltr\"><strong>Jeudi 2 octobre de 10h \u00e0 12h<\/strong>, venez nombreux \u00e0 la<strong> Cit\u00e9 des M\u00e9tiers de Marseille et de Provence-Alpes-C\u00f4te d&rsquo;Azur<\/strong> (6, rue des consuls &#8211; 13002 MARSEILLE) pour d\u00e9couvrir les m\u00e9tiers du social et explorer les\u00a0opportunit\u00e9s d\u2019emploi, les perspectives d\u2019\u00e9volution et les formations de ce secteur. <\/span><\/span><\/p>\n<p><!--more--><span class=\"break-words\n          tvm-parent-container\"><span dir=\"ltr\">Notre \u00e9quipe se fera un plaisir de r\u00e9pondre \u00e0 toutes vos questions !<\/p>\n<p><a href=\"https:\/\/citedesmetiers.fr\/evenements\/?idEvent=41463\">\u00a0Suivre le lien pour s&rsquo;inscrire<\/a>.<\/span><\/span><br \/>\n<a href=\"https:\/\/citedesmetiers.fr\/evenements\/?idEvent=41463\"><img decoding=\"async\" loading=\"lazy\" class=\"alignnone wp-image-14495 size-full\" src=\"https:\/\/www.imf.asso.fr\/pages\/wp-content\/uploads\/citemetier.png\" alt=\"\" width=\"501\" height=\"191\" srcset=\"https:\/\/www.imf.asso.fr\/pages\/wp-content\/uploads\/citemetier.png 501w, https:\/\/www.imf.asso.fr\/pages\/wp-content\/uploads\/citemetier-300x114.png 300w\" sizes=\"(max-width: 501px) 100vw, 501px\" \/><\/a><\/p>\n","protected":false},"excerpt":{"rendered":"<p>&nbsp;<\/p>\n<p><span class=\"break-words tvm-parent-container\"><span dir=\"ltr\"><strong>Jeudi 2 octobre de 10h \u00e0 12h<\/strong>, venez nombreux \u00e0 la<strong> Cit\u00e9 des M\u00e9tiers de Marseille et de Provence-Alpes-C\u00f4te d&rsquo;Azur<\/strong> (6, rue des consuls &#8211; 13002 MARSEILLE) pour d\u00e9couvrir les m\u00e9tiers du social et explorer les\u00a0opportunit\u00e9s d\u2019emploi, les perspectives d\u2019\u00e9volution et les formations de ce secteur. <\/span><\/span><\/p><p><a class=\"more-link btn\" href=\"https:\/\/www.imf.asso.fr\/pages\/?p=14494\">Lire la suite<\/a><\/p>\n","protected":false},"author":4,"featured_media":0,"comment_status":"open","ping_status":"open","sticky":false,"template":"","format":"standard","meta":{"footnotes":""},"categories":[29],"tags":[],"_links":{"self":[{"href":"https:\/\/www.imf.asso.fr\/pages\/index.php?rest_route=\/wp\/v2\/posts\/14494"}],"collection":[{"href":"https:\/\/www.imf.asso.fr\/pages\/index.php?rest_route=\/wp\/v2\/posts"}],"about":[{"href":"https:\/\/www.imf.asso.fr\/pages\/index.php?rest_route=\/wp\/v2\/types\/post"}],"author":[{"embeddable":true,"href":"https:\/\/www.imf.asso.fr\/pages\/index.php?rest_route=\/wp\/v2\/users\/4"}],"replies":[{"embeddable":true,"href":"https:\/\/www.imf.asso.fr\/pages\/index.php?rest_route=%2Fwp%2Fv2%2Fcomments&post=14494"}],"version-history":[{"count":1,"href":"https:\/\/www.imf.asso.fr\/pages\/index.php?rest_route=\/wp\/v2\/posts\/14494\/revisions"}],"predecessor-version":[{"id":14496,"href":"https:\/\/www.imf.asso.fr\/pages\/index.php?rest_route=\/wp\/v2\/posts\/14494\/revisions\/14496"}],"wp:attachment":[{"href":"https:\/\/www.imf.asso.fr\/pages\/index.php?rest_route=%2Fwp%2Fv2%2Fmedia&parent=14494"}],"wp:term":[{"taxonomy":"category","embeddable":true,"href":"https:\/\/www.imf.asso.fr\/pages\/index.php?rest_route=%2Fwp%2Fv2%2Fcategories&post=14494"},{"taxonomy":"post_tag","embeddable":true,"href":"https:\/\/www.imf.asso.fr\/pages\/index.php?rest_route=%2Fwp%2Fv2%2Ftags&post=14494"}],"curies":[{"name":"wp","href":"https:\/\/api.w.org\/{rel}","templated":true}]}}