{"id":14343,"date":"2025-09-17T15:02:42","date_gmt":"2025-09-17T13:02:42","guid":{"rendered":"https:\/\/www.imf.asso.fr\/pages\/?p=14343"},"modified":"2025-09-19T12:07:59","modified_gmt":"2025-09-19T10:07:59","slug":"exposition-restitutions-educatives","status":"publish","type":"post","link":"https:\/\/www.imf.asso.fr\/pages\/?p=14343","title":{"rendered":"Exposition m\u00e9diations \u00e9ducatives"},"content":{"rendered":"<p><!--MORE--><\/p>\n<p>Les restitutions des m\u00e9diations \u00e9ducatives pour nos \u00e9tudiants de deuxi\u00e8me ann\u00e9e en Moniteur \u00c9ducateur (ME2) repr\u00e9sentent des exp\u00e9riences particuli\u00e8rement riches et immersives. Pendant plus de quatre jours, les apprenants explorent diff\u00e9rentes formes d\u2019expression artistique et travaillent collectivement sur des th\u00e9matiques telles que la coh\u00e9sion de groupe, la gestion des conflits ou le respect des id\u00e9es et sensibilit\u00e9s d\u2019autrui. Ce format p\u00e9dagogique, en dehors des salles de cours, offre l\u2019opportunit\u00e9 de se d\u00e9couvrir soi-m\u00eame, de percevoir l\u2019autre sous un jour nouveau et de r\u00e9v\u00e9ler des talents ou des app\u00e9tences particuli\u00e8res.<\/p>\n<p><span data-teams=\"true\">Nos \u00e9tudiants ont ainsi \u00e9t\u00e9 accompagn\u00e9s par Apollinaire Gbeteglo de la Friche la Belle de Mai qui les a guid\u00e9s lors d&rsquo;ateliers d&rsquo;art plastique. Venez d\u00e9couvrir les \u0153uvres r\u00e9alis\u00e9es lors de cette rencontre, au CRM de l&rsquo;IMF RIS Marseille.<\/span><\/p>\n<table style=\"border-collapse: collapse; width: 100%;\">\n<tbody>\n<tr>\n<td style=\"width: 33.3333%;\"><img decoding=\"async\" src=\"https:\/\/www.imf.asso.fr\/pages\/wp-content\/uploads\/20250919_105323-scaled.jpg\" \/><\/td>\n<td style=\"width: 33.3333%;\"><img decoding=\"async\" src=\"https:\/\/www.imf.asso.fr\/pages\/wp-content\/uploads\/20250919_105336-scaled.jpg\" \/><\/td>\n<td style=\"width: 33.3333%;\"><img decoding=\"async\" src=\"https:\/\/www.imf.asso.fr\/pages\/wp-content\/uploads\/20250919_110019-scaled.jpg\" \/><\/td>\n<\/tr>\n<tr>\n<td style=\"width: 33.3333%;\"><img decoding=\"async\" src=\"https:\/\/www.imf.asso.fr\/pages\/wp-content\/uploads\/20250919_105947-Modifie-scaled.jpg\" \/><\/td>\n<td style=\"width: 33.3333%;\"><img decoding=\"async\" src=\"https:\/\/www.imf.asso.fr\/pages\/wp-content\/uploads\/20250919_105921-Modifie-scaled.jpg\" \/><\/td>\n<td style=\"width: 33.3333%;\"><img decoding=\"async\" src=\"https:\/\/www.imf.asso.fr\/pages\/wp-content\/uploads\/20250919_105853-Modifie-scaled.jpg\" \/><\/td>\n<\/tr>\n<tr>\n<td style=\"width: 33.3333%;\"><img decoding=\"async\" src=\"https:\/\/www.imf.asso.fr\/pages\/wp-content\/uploads\/20250919_105905-Modifie-scaled.jpg\" \/><\/td>\n<td style=\"width: 33.3333%;\"><img decoding=\"async\" src=\"https:\/\/www.imf.asso.fr\/pages\/wp-content\/uploads\/20250919_105547-Modifie-scaled.jpg\" \/><\/td>\n<td style=\"width: 33.3333%;\"><img decoding=\"async\" src=\"https:\/\/www.imf.asso.fr\/pages\/wp-content\/uploads\/20250919_105517-Modifie-scaled.jpg\" \/><\/td>\n<\/tr>\n<\/tbody>\n<\/table>\n","protected":false},"excerpt":{"rendered":"<\/p>\n<p>Les restitutions des m\u00e9diations \u00e9ducatives pour nos \u00e9tudiants de deuxi\u00e8me ann\u00e9e en Moniteur \u00c9ducateur (ME2) repr\u00e9sentent des exp\u00e9riences particuli\u00e8rement riches et immersives. Pendant plus de quatre jours, les apprenants explorent diff\u00e9rentes formes d\u2019expression artistique et travaillent collectivement sur des th\u00e9matiques telles que la coh\u00e9sion de groupe, la gestion des conflits ou le respect des &hellip; <\/p>\n<p><a class=\"more-link btn\" href=\"https:\/\/www.imf.asso.fr\/pages\/?p=14343\">Lire la suite<\/a><\/p>\n","protected":false},"author":6,"featured_media":0,"comment_status":"open","ping_status":"open","sticky":false,"template":"","format":"standard","meta":{"footnotes":""},"categories":[1],"tags":[],"_links":{"self":[{"href":"https:\/\/www.imf.asso.fr\/pages\/index.php?rest_route=\/wp\/v2\/posts\/14343"}],"collection":[{"href":"https:\/\/www.imf.asso.fr\/pages\/index.php?rest_route=\/wp\/v2\/posts"}],"about":[{"href":"https:\/\/www.imf.asso.fr\/pages\/index.php?rest_route=\/wp\/v2\/types\/post"}],"author":[{"embeddable":true,"href":"https:\/\/www.imf.asso.fr\/pages\/index.php?rest_route=\/wp\/v2\/users\/6"}],"replies":[{"embeddable":true,"href":"https:\/\/www.imf.asso.fr\/pages\/index.php?rest_route=%2Fwp%2Fv2%2Fcomments&post=14343"}],"version-history":[{"count":2,"href":"https:\/\/www.imf.asso.fr\/pages\/index.php?rest_route=\/wp\/v2\/posts\/14343\/revisions"}],"predecessor-version":[{"id":14368,"href":"https:\/\/www.imf.asso.fr\/pages\/index.php?rest_route=\/wp\/v2\/posts\/14343\/revisions\/14368"}],"wp:attachment":[{"href":"https:\/\/www.imf.asso.fr\/pages\/index.php?rest_route=%2Fwp%2Fv2%2Fmedia&parent=14343"}],"wp:term":[{"taxonomy":"category","embeddable":true,"href":"https:\/\/www.imf.asso.fr\/pages\/index.php?rest_route=%2Fwp%2Fv2%2Fcategories&post=14343"},{"taxonomy":"post_tag","embeddable":true,"href":"https:\/\/www.imf.asso.fr\/pages\/index.php?rest_route=%2Fwp%2Fv2%2Ftags&post=14343"}],"curies":[{"name":"wp","href":"https:\/\/api.w.org\/{rel}","templated":true}]}}