{"id":14330,"date":"2025-09-17T14:29:08","date_gmt":"2025-09-17T12:29:08","guid":{"rendered":"https:\/\/www.imf.asso.fr\/pages\/?p=14330"},"modified":"2025-09-17T14:50:48","modified_gmt":"2025-09-17T12:50:48","slug":"jae-avignon-le-02-10-25","status":"publish","type":"post","link":"https:\/\/www.imf.asso.fr\/pages\/?p=14330","title":{"rendered":"JAE Avignon le 02\/10\/25"},"content":{"rendered":"<p style=\"text-align: left;\">Le 2 octobre aura lieu la rentr\u00e9e commune des \u00e9tudiants de premi\u00e8re ann\u00e9e \u00e0 l\u2019IMF RIS d\u2019Avignon.<\/p>\n<p style=\"text-align: left;\" data-start=\"240\" data-end=\"521\"><strong data-start=\"240\" data-end=\"252\">Le matin<\/strong>, les \u00e9tudiants seront accueillis \u00e0 l\u2019IMF RIS, avec une collation pour d\u00e9buter la matin\u00e9e. Un discours des diff\u00e9rents intervenants de l\u2019IMF RIS sera \u00e9galement pr\u00e9vu, afin de pr\u00e9senter l\u2019\u00e9tablissement et de mettre en avant les points cl\u00e9s \u00e0 retenir pour les \u00e9tudiants.<\/p>\n<p style=\"text-align: left;\" data-start=\"525\" data-end=\"916\"><strong data-start=\"525\" data-end=\"541\">L\u2019apr\u00e8s-midi<\/strong>, l\u2019IMF RIS Avignon et ses \u00e9tudiants sont invit\u00e9s par la mairie d\u2019Avignon, \u00e0 partir de 15h30, au Parc de loisirs de la Barthelasse. L\u2019IMF RIS animera un atelier sur le travail social, avec des activit\u00e9s ludiques et immersives. Ce sera un moment de rencontre et d\u2019\u00e9change pour tous les \u00e9tudiants, avec de nombreuses animations, des ateliers, des food trucks et un color run.<\/p>\n<p style=\"text-align: left;\" data-start=\"918\" data-end=\"1005\">Pour <strong data-start=\"923\" data-end=\"949\">terminer cette journ\u00e9e<\/strong>, l\u2019Atypik Festival fera danser les nouveaux entrants.<\/p>\n<p>\u00a0 \u00a0 \u00a0 \u00a0 \u00a0 \u00a0 \u00a0 \u00a0 \u00a0 \u00a0 \u00a0<img decoding=\"async\" loading=\"lazy\" class=\"wp-image-14333 alignnone\" src=\"https:\/\/www.imf.asso.fr\/pages\/wp-content\/uploads\/LIMF-RIS-240x300.png\" alt=\"\" width=\"504\" height=\"630\" srcset=\"https:\/\/www.imf.asso.fr\/pages\/wp-content\/uploads\/LIMF-RIS-240x300.png 240w, https:\/\/www.imf.asso.fr\/pages\/wp-content\/uploads\/LIMF-RIS-819x1024.png 819w, https:\/\/www.imf.asso.fr\/pages\/wp-content\/uploads\/LIMF-RIS-768x960.png 768w, https:\/\/www.imf.asso.fr\/pages\/wp-content\/uploads\/LIMF-RIS-945x1181.png 945w, https:\/\/www.imf.asso.fr\/pages\/wp-content\/uploads\/LIMF-RIS.png 1080w\" sizes=\"(max-width: 504px) 100vw, 504px\" \/><\/p>\n","protected":false},"excerpt":{"rendered":"<p style=\"text-align: left;\">Le 2 octobre aura lieu la rentr\u00e9e commune des \u00e9tudiants de premi\u00e8re ann\u00e9e \u00e0 l\u2019IMF RIS d\u2019Avignon.<\/p>\n<p style=\"text-align: left;\" data-start=\"240\" data-end=\"521\"><strong data-start=\"240\" data-end=\"252\">Le matin<\/strong>, les \u00e9tudiants seront accueillis \u00e0 l\u2019IMF RIS, avec une collation pour d\u00e9buter la matin\u00e9e. Un discours des diff\u00e9rents intervenants de l\u2019IMF RIS sera \u00e9galement pr\u00e9vu, afin de pr\u00e9senter &hellip; <\/p>\n<p><a class=\"more-link btn\" href=\"https:\/\/www.imf.asso.fr\/pages\/?p=14330\">Lire la suite<\/a><\/p>\n","protected":false},"author":6,"featured_media":0,"comment_status":"open","ping_status":"open","sticky":false,"template":"","format":"standard","meta":{"footnotes":""},"categories":[29,1],"tags":[],"_links":{"self":[{"href":"https:\/\/www.imf.asso.fr\/pages\/index.php?rest_route=\/wp\/v2\/posts\/14330"}],"collection":[{"href":"https:\/\/www.imf.asso.fr\/pages\/index.php?rest_route=\/wp\/v2\/posts"}],"about":[{"href":"https:\/\/www.imf.asso.fr\/pages\/index.php?rest_route=\/wp\/v2\/types\/post"}],"author":[{"embeddable":true,"href":"https:\/\/www.imf.asso.fr\/pages\/index.php?rest_route=\/wp\/v2\/users\/6"}],"replies":[{"embeddable":true,"href":"https:\/\/www.imf.asso.fr\/pages\/index.php?rest_route=%2Fwp%2Fv2%2Fcomments&post=14330"}],"version-history":[{"count":2,"href":"https:\/\/www.imf.asso.fr\/pages\/index.php?rest_route=\/wp\/v2\/posts\/14330\/revisions"}],"predecessor-version":[{"id":14336,"href":"https:\/\/www.imf.asso.fr\/pages\/index.php?rest_route=\/wp\/v2\/posts\/14330\/revisions\/14336"}],"wp:attachment":[{"href":"https:\/\/www.imf.asso.fr\/pages\/index.php?rest_route=%2Fwp%2Fv2%2Fmedia&parent=14330"}],"wp:term":[{"taxonomy":"category","embeddable":true,"href":"https:\/\/www.imf.asso.fr\/pages\/index.php?rest_route=%2Fwp%2Fv2%2Fcategories&post=14330"},{"taxonomy":"post_tag","embeddable":true,"href":"https:\/\/www.imf.asso.fr\/pages\/index.php?rest_route=%2Fwp%2Fv2%2Ftags&post=14330"}],"curies":[{"name":"wp","href":"https:\/\/api.w.org\/{rel}","templated":true}]}}