{"id":12862,"date":"2025-03-26T12:55:30","date_gmt":"2025-03-26T11:55:30","guid":{"rendered":"https:\/\/www.imf.asso.fr\/pages\/?p=12862"},"modified":"2025-03-26T12:55:30","modified_gmt":"2025-03-26T11:55:30","slug":"les-rencontres-des-metiers-du-soin-et-de-laccompagnement-01-04-25-a-marseille","status":"publish","type":"post","link":"https:\/\/www.imf.asso.fr\/pages\/?p=12862","title":{"rendered":"Les Rencontres des m\u00e9tiers du soin et de l&rsquo;accompagnement | 01\/04\/25 \u00e0 Marseille"},"content":{"rendered":"<p>L&rsquo;IMF RIS sera pr\u00e9sent mardi prochain \u00e0 l<strong>&lsquo;H\u00f4tel du D\u00e9partement des Bouches-du-Rh\u00f4ne<\/strong> pour vous faire d\u00e9couvrir les m\u00e9tiers de l&rsquo;humain, dans le cadre de <strong>la semaine des Rencontres des m\u00e9tiers du soin et de l&rsquo;accompagnement<\/strong>, organis\u00e9e par France Travail.<\/p>\n<p><strong>Mardi 1er avril de 9h \u00e0 12h<\/strong><br \/>\nH\u00f4tel du D\u00e9partement &#8211; 52 Av. de Saint-Just &#8211; 13004 Marseille<br \/>\nS&rsquo;inscrire : <a href=\"https:\/\/urlr.me\/KEVFuv\"><strong>https:\/\/urlr.me\/KEVFuv<\/strong><\/a><\/p>\n<p><!--more--><\/p>\n<p><img decoding=\"async\" src=\"https:\/\/www.imf.asso.fr\/pages\/wp-content\/uploads\/1742915918162.jpg\" \/><\/p>\n","protected":false},"excerpt":{"rendered":"<p>L&rsquo;IMF RIS sera pr\u00e9sent mardi prochain \u00e0 l<strong>&lsquo;H\u00f4tel du D\u00e9partement des Bouches-du-Rh\u00f4ne<\/strong> pour vous faire d\u00e9couvrir les m\u00e9tiers de l&rsquo;humain, dans le cadre de <strong>la semaine des Rencontres des m\u00e9tiers du soin et de l&rsquo;accompagnement<\/strong>, organis\u00e9e par France Travail.<\/p>\n<p><strong>Mardi 1er avril de 9h \u00e0 12h<\/strong><br \/> H\u00f4tel du D\u00e9partement &#8211; 52 Av. de Saint-Just &hellip; <\/p>\n<p><a class=\"more-link btn\" href=\"https:\/\/www.imf.asso.fr\/pages\/?p=12862\">Lire la suite<\/a><\/p>\n","protected":false},"author":4,"featured_media":0,"comment_status":"open","ping_status":"open","sticky":false,"template":"","format":"standard","meta":{"footnotes":""},"categories":[29],"tags":[],"_links":{"self":[{"href":"https:\/\/www.imf.asso.fr\/pages\/index.php?rest_route=\/wp\/v2\/posts\/12862"}],"collection":[{"href":"https:\/\/www.imf.asso.fr\/pages\/index.php?rest_route=\/wp\/v2\/posts"}],"about":[{"href":"https:\/\/www.imf.asso.fr\/pages\/index.php?rest_route=\/wp\/v2\/types\/post"}],"author":[{"embeddable":true,"href":"https:\/\/www.imf.asso.fr\/pages\/index.php?rest_route=\/wp\/v2\/users\/4"}],"replies":[{"embeddable":true,"href":"https:\/\/www.imf.asso.fr\/pages\/index.php?rest_route=%2Fwp%2Fv2%2Fcomments&post=12862"}],"version-history":[{"count":2,"href":"https:\/\/www.imf.asso.fr\/pages\/index.php?rest_route=\/wp\/v2\/posts\/12862\/revisions"}],"predecessor-version":[{"id":16033,"href":"https:\/\/www.imf.asso.fr\/pages\/index.php?rest_route=\/wp\/v2\/posts\/12862\/revisions\/16033"}],"wp:attachment":[{"href":"https:\/\/www.imf.asso.fr\/pages\/index.php?rest_route=%2Fwp%2Fv2%2Fmedia&parent=12862"}],"wp:term":[{"taxonomy":"category","embeddable":true,"href":"https:\/\/www.imf.asso.fr\/pages\/index.php?rest_route=%2Fwp%2Fv2%2Fcategories&post=12862"},{"taxonomy":"post_tag","embeddable":true,"href":"https:\/\/www.imf.asso.fr\/pages\/index.php?rest_route=%2Fwp%2Fv2%2Ftags&post=12862"}],"curies":[{"name":"wp","href":"https:\/\/api.w.org\/{rel}","templated":true}]}}