{"id":10191,"date":"2024-03-26T11:15:17","date_gmt":"2024-03-26T10:15:17","guid":{"rendered":"https:\/\/www.imf.asso.fr\/pages\/?p=10191"},"modified":"2024-07-24T14:28:53","modified_gmt":"2024-07-24T12:28:53","slug":"youth-for-peace-25-et-26-mars","status":"publish","type":"post","link":"https:\/\/www.imf.asso.fr\/pages\/?p=10191","title":{"rendered":"Youth for Peace | 25 et 26 mars 2024"},"content":{"rendered":"<p>Nous sommes ravis d\u2019accueillir nos partenaires des deux rives de la M\u00e9diterran\u00e9e pour deux jours de travail autour du projet \u00ab <strong>Youth for Peace in the\u00a0 Mediterranean Se<\/strong>a \u00bb au sein des locaux de l\u2019IMF RIS \u00e0 Marseille.<\/p>\n<p><img decoding=\"async\" loading=\"lazy\" class=\"alignnone size-medium wp-image-10193\" style=\"margin-right: 10px;\" src=\"https:\/\/www.imf.asso.fr\/pages\/wp-content\/uploads\/20240325_115758-225x300.jpg\" alt=\"\" width=\"225\" height=\"300\" srcset=\"https:\/\/www.imf.asso.fr\/pages\/wp-content\/uploads\/20240325_115758-225x300.jpg 225w, https:\/\/www.imf.asso.fr\/pages\/wp-content\/uploads\/20240325_115758-768x1024.jpg 768w, https:\/\/www.imf.asso.fr\/pages\/wp-content\/uploads\/20240325_115758-1152x1536.jpg 1152w, https:\/\/www.imf.asso.fr\/pages\/wp-content\/uploads\/20240325_115758-1536x2048.jpg 1536w, https:\/\/www.imf.asso.fr\/pages\/wp-content\/uploads\/20240325_115758-945x1260.jpg 945w, https:\/\/www.imf.asso.fr\/pages\/wp-content\/uploads\/20240325_115758-scaled.jpg 1920w\" sizes=\"(max-width: 225px) 100vw, 225px\" \/><img decoding=\"async\" loading=\"lazy\" class=\"alignnone size-medium wp-image-10192\" src=\"https:\/\/www.imf.asso.fr\/pages\/wp-content\/uploads\/20240325_115730-225x300.jpg\" alt=\"\" width=\"225\" height=\"300\" srcset=\"https:\/\/www.imf.asso.fr\/pages\/wp-content\/uploads\/20240325_115730-225x300.jpg 225w, https:\/\/www.imf.asso.fr\/pages\/wp-content\/uploads\/20240325_115730-768x1024.jpg 768w, https:\/\/www.imf.asso.fr\/pages\/wp-content\/uploads\/20240325_115730-1152x1536.jpg 1152w, https:\/\/www.imf.asso.fr\/pages\/wp-content\/uploads\/20240325_115730-1536x2048.jpg 1536w, https:\/\/www.imf.asso.fr\/pages\/wp-content\/uploads\/20240325_115730-945x1260.jpg 945w, https:\/\/www.imf.asso.fr\/pages\/wp-content\/uploads\/20240325_115730-scaled.jpg 1920w\" sizes=\"(max-width: 225px) 100vw, 225px\" \/><\/p>\n<p><a href=\"https:\/\/www.imf.asso.fr\/pages\/?page_id=10186\">Youth for Peace<\/a> est un <strong>projet Erasmus +,<\/strong> financ\u00e9 par l&rsquo;Agence ex\u00e9cutive europ\u00e9enne pour l\u2019\u00e9ducation et la culture (EACEA)<\/p>\n<p>Ce projet, qui s\u2019\u00e9talera sur 2 ans, vise \u00e0 l\u2019\u00e9change d\u2019exp\u00e9riences et de bonnes pratiques entre professionnels \u0153uvrant aupr\u00e8s des jeunes sur l&rsquo;\u00e9ducation \u00e0 la paix et la coexistence pacifique. Il promouvra \u00e9galement la participation active des jeunes afin de mettre en avant leur r\u00f4le cl\u00e9 en tant qu\u2019acteurs du changement et de promotion de la coexistence pacifique.<\/p>\n<p><img decoding=\"async\" loading=\"lazy\" class=\"alignnone size-medium wp-image-10188\" src=\"https:\/\/www.imf.asso.fr\/pages\/wp-content\/uploads\/erasmuslogo-300x55.png\" alt=\"\" width=\"300\" height=\"55\" srcset=\"https:\/\/www.imf.asso.fr\/pages\/wp-content\/uploads\/erasmuslogo-300x55.png 300w, https:\/\/www.imf.asso.fr\/pages\/wp-content\/uploads\/erasmuslogo.png 350w\" sizes=\"(max-width: 300px) 100vw, 300px\" \/><\/p>\n<p>&nbsp;<\/p>\n<p>&nbsp;<\/p>\n","protected":false},"excerpt":{"rendered":"<p>Nous sommes ravis d\u2019accueillir nos partenaires des deux rives de la M\u00e9diterran\u00e9e pour deux jours de travail autour du projet \u00ab <strong>Youth for Peace in the\u00a0 Mediterranean Se<\/strong>a \u00bb au sein des locaux de l\u2019IMF RIS \u00e0 Marseille.<\/p>\n<p><img decoding=\"async\" loading=\"lazy\" class=\"alignnone size-medium wp-image-10193\" style=\"margin-right: 10px;\" src=\"https:\/\/www.imf.asso.fr\/pages\/wp-content\/uploads\/20240325_115758-225x300.jpg\" alt=\"\" width=\"225\" height=\"300\" srcset=\"https:\/\/www.imf.asso.fr\/pages\/wp-content\/uploads\/20240325_115758-225x300.jpg 225w, https:\/\/www.imf.asso.fr\/pages\/wp-content\/uploads\/20240325_115758-768x1024.jpg 768w, https:\/\/www.imf.asso.fr\/pages\/wp-content\/uploads\/20240325_115758-1152x1536.jpg &hellip; <\/p\/><\/p>\n<p><a class=\"more-link btn\" href=\"https:\/\/www.imf.asso.fr\/pages\/?p=10191\">Lire la suite<\/a><\/p>\n","protected":false},"author":4,"featured_media":0,"comment_status":"open","ping_status":"open","sticky":false,"template":"","format":"standard","meta":{"footnotes":""},"categories":[29,24],"tags":[],"_links":{"self":[{"href":"https:\/\/www.imf.asso.fr\/pages\/index.php?rest_route=\/wp\/v2\/posts\/10191"}],"collection":[{"href":"https:\/\/www.imf.asso.fr\/pages\/index.php?rest_route=\/wp\/v2\/posts"}],"about":[{"href":"https:\/\/www.imf.asso.fr\/pages\/index.php?rest_route=\/wp\/v2\/types\/post"}],"author":[{"embeddable":true,"href":"https:\/\/www.imf.asso.fr\/pages\/index.php?rest_route=\/wp\/v2\/users\/4"}],"replies":[{"embeddable":true,"href":"https:\/\/www.imf.asso.fr\/pages\/index.php?rest_route=%2Fwp%2Fv2%2Fcomments&post=10191"}],"version-history":[{"count":2,"href":"https:\/\/www.imf.asso.fr\/pages\/index.php?rest_route=\/wp\/v2\/posts\/10191\/revisions"}],"predecessor-version":[{"id":11418,"href":"https:\/\/www.imf.asso.fr\/pages\/index.php?rest_route=\/wp\/v2\/posts\/10191\/revisions\/11418"}],"wp:attachment":[{"href":"https:\/\/www.imf.asso.fr\/pages\/index.php?rest_route=%2Fwp%2Fv2%2Fmedia&parent=10191"}],"wp:term":[{"taxonomy":"category","embeddable":true,"href":"https:\/\/www.imf.asso.fr\/pages\/index.php?rest_route=%2Fwp%2Fv2%2Fcategories&post=10191"},{"taxonomy":"post_tag","embeddable":true,"href":"https:\/\/www.imf.asso.fr\/pages\/index.php?rest_route=%2Fwp%2Fv2%2Ftags&post=10191"}],"curies":[{"name":"wp","href":"https:\/\/api.w.org\/{rel}","templated":true}]}}